{"id":61634,"date":"2025-10-15T17:34:56","date_gmt":"2025-10-15T14:34:56","guid":{"rendered":"https:\/\/www.egemtv.com\/?p=61634"},"modified":"2025-10-15T17:34:58","modified_gmt":"2025-10-15T14:34:58","slug":"manisada-kacak-alkol-operasyonu","status":"publish","type":"post","link":"https:\/\/www.egemtv.com\/?p=61634","title":{"rendered":"Manisa\u2019da ka\u00e7ak alkol operasyonu"},"content":{"rendered":"<p>Manisa \u0130l Emniyet M\u00fcd\u00fcrl\u00fc\u011f\u00fc Ka\u00e7ak\u00e7\u0131l\u0131k ve Organize Su\u00e7larla M\u00fccadele \u015eube M\u00fcd\u00fcrl\u00fc\u011f\u00fc ekipleri taraf\u0131ndan d\u00fczenlenen operasyonda \u00e7ok miktarda ka\u00e7ak alkol ele ge\u00e7irilirken 4 ki\u015fi hakk\u0131nda adli i\u015flem ba\u015flat\u0131ld\u0131.<br \/>\n<br \/>Manisa \u0130l Emniyet M\u00fcd\u00fcrl\u00fc\u011f\u00fc Ka\u00e7ak\u00e7\u0131l\u0131k ve Organize Su\u00e7larla M\u00fccadele \u015eube M\u00fcd\u00fcrl\u00fc\u011f\u00fc ekipleri, alkol ve alkol \u00fcr\u00fcnleri ka\u00e7ak\u00e7\u0131l\u0131\u011f\u0131n\u0131n \u00f6nlenmesine y\u00f6nelik y\u00fcr\u00fctt\u00fc\u011f\u00fc \u00e7al\u0131\u015fmalar kapsam\u0131nda Salihli ve Turgutlu il\u00e7elerinde e\u015f zamanl\u0131 operasyonlar d\u00fczenledi. Manisa KOM \u015eube M\u00fcd\u00fcrl\u00fc\u011f\u00fc ve Salihli KOM Grup Amirli\u011fi ekiplerince ger\u00e7ekle\u015ftirilen operasyonlarda, S.S.V. (50), M.D. (69), A.K. (62) ve B.K. (48) isimli \u015fah\u0131slara ait ikametlerde, \u00e7iftlik olarak kullan\u0131lan adreslerde ve ara\u00e7larda yap\u0131lan aramalarda: 380 litre etil alkol, 500 litre fermente \u00fcz\u00fcm \u015f\u0131ras\u0131 ve aromaland\u0131r\u0131lm\u0131\u015f \u015f\u0131ra, 168 litre ev yap\u0131m\u0131 rak\u0131, 13 litre ev yap\u0131m\u0131 viski ile 2 adet alkol \u00fcretiminde kullan\u0131lan d\u00fczenek (kaynatma kazan\u0131, boru, so\u011futma tank\u0131, ocak, \u00e7e\u015fme ve tank sistemleri) ele ge\u00e7irildi.<br \/>\n<br \/>Ele ge\u00e7irilen ka\u00e7ak \u00fcr\u00fcnler ve d\u00fczeneklere el konulurken, \u015f\u00fcpheliler hakk\u0131nda 5607 Say\u0131l\u0131 Ka\u00e7ak\u00e7\u0131l\u0131kla M\u00fccadele Kanunu kapsam\u0131nda adli tahkikat ba\u015flat\u0131ld\u0131.<br \/>\n<br \/>Manisa \u0130l Emniyet M\u00fcd\u00fcrl\u00fc\u011f\u00fc\u2019nden yap\u0131lan a\u00e7\u0131klamada, &#8220;Manisa halk\u0131n\u0131n huzur ve g\u00fcvenli\u011fi i\u00e7in su\u00e7 ve su\u00e7lularla m\u00fccadelemiz aral\u0131ks\u0131z devam edecektir&#8221; denildi.<br \/><\/p>\n","protected":false},"excerpt":{"rendered":"<p>Manisa \u0130l Emniyet M\u00fcd\u00fcrl\u00fc\u011f\u00fc Ka\u00e7ak\u00e7\u0131l\u0131k ve Organize Su\u00e7larla M\u00fccadele \u015eube M\u00fcd\u00fcrl\u00fc\u011f\u00fc ekipleri taraf\u0131ndan d\u00fczenlenen operasyonda \u00e7ok miktarda ka\u00e7ak alkol ele ge\u00e7irilirken 4 ki\u015fi hakk\u0131nda adli i\u015flem ba\u015flat\u0131ld\u0131. Manisa \u0130l Emniyet M\u00fcd\u00fcrl\u00fc\u011f\u00fc Ka\u00e7ak\u00e7\u0131l\u0131k ve Organize Su\u00e7larla M\u00fccadele \u015eube M\u00fcd\u00fcrl\u00fc\u011f\u00fc ekipleri, alkol ve alkol \u00fcr\u00fcnleri ka\u00e7ak\u00e7\u0131l\u0131\u011f\u0131n\u0131n \u00f6nlenmesine y\u00f6nelik y\u00fcr\u00fctt\u00fc\u011f\u00fc \u00e7al\u0131\u015fmalar kapsam\u0131nda Salihli ve Turgutlu il\u00e7elerinde e\u015f zamanl\u0131&#8230;<\/p>\n","protected":false},"author":1,"featured_media":61635,"comment_status":"open","ping_status":"open","sticky":false,"template":"","format":"standard","meta":{"_crdt_document":"","footnotes":""},"categories":[5],"tags":[],"class_list":["post-61634","post","type-post","status-publish","format-standard","has-post-thumbnail","hentry","category-asayis"],"_links":{"self":[{"href":"https:\/\/www.egemtv.com\/index.php?rest_route=\/wp\/v2\/posts\/61634","targetHints":{"allow":["GET"]}}],"collection":[{"href":"https:\/\/www.egemtv.com\/index.php?rest_route=\/wp\/v2\/posts"}],"about":[{"href":"https:\/\/www.egemtv.com\/index.php?rest_route=\/wp\/v2\/types\/post"}],"author":[{"embeddable":true,"href":"https:\/\/www.egemtv.com\/index.php?rest_route=\/wp\/v2\/users\/1"}],"replies":[{"embeddable":true,"href":"https:\/\/www.egemtv.com\/index.php?rest_route=%2Fwp%2Fv2%2Fcomments&post=61634"}],"version-history":[{"count":1,"href":"https:\/\/www.egemtv.com\/index.php?rest_route=\/wp\/v2\/posts\/61634\/revisions"}],"predecessor-version":[{"id":61636,"href":"https:\/\/www.egemtv.com\/index.php?rest_route=\/wp\/v2\/posts\/61634\/revisions\/61636"}],"wp:featuredmedia":[{"embeddable":true,"href":"https:\/\/www.egemtv.com\/index.php?rest_route=\/wp\/v2\/media\/61635"}],"wp:attachment":[{"href":"https:\/\/www.egemtv.com\/index.php?rest_route=%2Fwp%2Fv2%2Fmedia&parent=61634"}],"wp:term":[{"taxonomy":"category","embeddable":true,"href":"https:\/\/www.egemtv.com\/index.php?rest_route=%2Fwp%2Fv2%2Fcategories&post=61634"},{"taxonomy":"post_tag","embeddable":true,"href":"https:\/\/www.egemtv.com\/index.php?rest_route=%2Fwp%2Fv2%2Ftags&post=61634"}],"curies":[{"name":"wp","href":"https:\/\/api.w.org\/{rel}","templated":true}]}}