{"id":61628,"date":"2025-10-15T17:14:54","date_gmt":"2025-10-15T14:14:54","guid":{"rendered":"https:\/\/www.egemtv.com\/?p=61628"},"modified":"2025-10-15T17:14:56","modified_gmt":"2025-10-15T14:14:56","slug":"gastro-muglada-organik-uretim-ve-egitim-icin-yeni-adim","status":"publish","type":"post","link":"https:\/\/www.egemtv.com\/?p=61628","title":{"rendered":"Gastro Mu\u011fla\u2019da organik \u00fcretim ve e\u011fitim i\u00e7in yeni ad\u0131m"},"content":{"rendered":"<p>Mente\u015fe\u2019de faaliyet g\u00f6steren Gastro Mu\u011fla, co\u011frafi i\u015faretli \u00fcr\u00fcnlerle haz\u0131rlanan yemekleri, m\u00fcze b\u00f6l\u00fcm\u00fc, organik \u00fcr\u00fcn marketi ve e\u011fitim programlar\u0131yla dikkat \u00e7ekiyor. Kurucusu Timur Kocab\u0131\u00e7ak, yeni organik \u00fcretim \u00e7iftli\u011fi ve butik otel projeleriyle gastronomi ve e\u011fitimde \u00f6nc\u00fc olmay\u0131 s\u00fcrd\u00fcr\u00fcyor.<\/p>\n<p>Mu\u011fla\u2019n\u0131n Mente\u015fe il\u00e7esinde kurulan Gastro Mu\u011fla, sadece y\u00f6resel yemekleriyle de\u011fil, e\u011fitim ve organik \u00fcretim \u00e7al\u0131\u015fmalar\u0131yla da dikkat \u00e7ekiyor. Kurucusu Timur Kocab\u0131\u00e7ak, T\u00fcrkiye\u2019nin ilk ve tek co\u011frafi i\u015faretli restoran\u0131 olarak hizmet veren Gastro Mu\u011fla\u2019y\u0131 hem mutfak sanatlar\u0131 derne\u011fine ba\u011fl\u0131 bir iktisadi i\u015fletme hem de e\u011fitim merkezi olarak tan\u0131ml\u0131yor.<\/p>\n<p>Kocab\u0131\u00e7ak, &#8220;D\u00fcnya \u015eefler Birli\u011fi y\u00f6netim kurulu \u00fcyesiyim, ayn\u0131 zamanda Mu\u011fla Gastro Mutfak Sanatlar\u0131 Derne\u011fi ba\u015fkan\u0131y\u0131m. Gastro Mu\u011fla, mutfak sanatlar\u0131 derne\u011fine ba\u011fl\u0131 iktisadi bir i\u015fletmedir. Kamu yarar\u0131na \u00e7al\u0131\u015fan bir yer. Burada 35 ki\u015fiyiz. 35 ki\u015fiye hem e\u011fitimler veriliyor hem sertifikalar\u0131 takdim ediliyor ve sekt\u00f6re kazand\u0131r\u0131yoruz. Sekt\u00f6rde \u00e7o\u011fu i\u015f ba\u015f\u0131 yap\u0131yor, baz\u0131 kursiyerlerimiz kendi d\u00fckkanlar\u0131n\u0131 a\u00e7\u0131yorlar. Buras\u0131 ayn\u0131 zamanda bir okul. T\u00fcrkiye\u2019nin ilk ve tek co\u011frafi i\u015faretli restoran\u0131. Sadece co\u011frafi i\u015faretli \u00fcr\u00fcnler kullanarak ve organik tarlalardan \u00fcr\u00fcn alarak yemeklerini yapan T\u00fcrkiye\u2019de tek yer. Bir domates i\u00e7in 80-90 km mesafe kat ediyoruz. Buras\u0131 b\u00f6yle bir restoran; burada her \u015fey organik olmak zorunda. Burada han\u0131mefendiler ve dezavantajl\u0131 \u00e7ocuklar\u0131m\u0131z yemek yapmay\u0131 \u00f6\u011freniyorlar. S\u00fcrekli e\u011fitimdeler. T\u00fcrkiye\u2019de en fazla proje \u00fcreten dernek konumunday\u0131z. Milli E\u011fitim ile koordineli \u00e7al\u0131\u015f\u0131yoruz. 30\u2019ar ki\u015filik gruplar halinde \u00e7ocuklar\u0131m\u0131z \u00f6\u011fretmenleriyle geliyorlar ve geleneksel T\u00fcrk mutfa\u011f\u0131n\u0131 \u00f6\u011freniyorlar&#8221; dedi.<\/p>\n<p>Gelecek projelerinden de bahseden Kocab\u0131\u00e7ak, &#8220;Gastro Mu\u011fla\u2019ya ait yak\u0131n zamanda kebap ve \u00e7orba d\u00fckkan\u0131m\u0131z faaliyete ge\u00e7ecek. Ayn\u0131 zamanda bir butik otelimiz Mente\u015fe\u2019de hizmete a\u00e7\u0131lacak. Yar\u0131n ya da yar\u0131ndan sonra ke\u00e7ilerimiz geliyor. 4 d\u00f6n\u00fcm arazi \u00fczerinde Gastro Mu\u011fla Organik \u00dcretim \u00c7iftli\u011fi\u2019ni kuruyoruz. Domatesimizi, biberimizi, patl\u0131can\u0131m\u0131z\u0131, her \u015feyi orada \u00fcretece\u011fiz. \u00c7iftlikte e\u011fitim de verece\u011fiz. Yak\u0131n zamanda diyabet hastalar\u0131 i\u00e7in bir mutfak kuraca\u011f\u0131z&#8221; a\u00e7\u0131klamas\u0131nda bulundu.<br \/><\/p>\n","protected":false},"excerpt":{"rendered":"<p>Mente\u015fe\u2019de faaliyet g\u00f6steren Gastro Mu\u011fla, co\u011frafi i\u015faretli \u00fcr\u00fcnlerle haz\u0131rlanan yemekleri, m\u00fcze b\u00f6l\u00fcm\u00fc, organik \u00fcr\u00fcn marketi ve e\u011fitim programlar\u0131yla dikkat \u00e7ekiyor. Kurucusu Timur Kocab\u0131\u00e7ak, yeni organik \u00fcretim \u00e7iftli\u011fi ve butik otel projeleriyle gastronomi ve e\u011fitimde \u00f6nc\u00fc olmay\u0131 s\u00fcrd\u00fcr\u00fcyor. Mu\u011fla\u2019n\u0131n Mente\u015fe il\u00e7esinde kurulan Gastro Mu\u011fla, sadece y\u00f6resel yemekleriyle de\u011fil, e\u011fitim ve organik \u00fcretim \u00e7al\u0131\u015fmalar\u0131yla da dikkat \u00e7ekiyor&#8230;.<\/p>\n","protected":false},"author":1,"featured_media":61629,"comment_status":"open","ping_status":"open","sticky":false,"template":"","format":"standard","meta":{"_crdt_document":"","footnotes":""},"categories":[1],"tags":[],"class_list":["post-61628","post","type-post","status-publish","format-standard","has-post-thumbnail","hentry","category-guncel"],"_links":{"self":[{"href":"https:\/\/www.egemtv.com\/index.php?rest_route=\/wp\/v2\/posts\/61628","targetHints":{"allow":["GET"]}}],"collection":[{"href":"https:\/\/www.egemtv.com\/index.php?rest_route=\/wp\/v2\/posts"}],"about":[{"href":"https:\/\/www.egemtv.com\/index.php?rest_route=\/wp\/v2\/types\/post"}],"author":[{"embeddable":true,"href":"https:\/\/www.egemtv.com\/index.php?rest_route=\/wp\/v2\/users\/1"}],"replies":[{"embeddable":true,"href":"https:\/\/www.egemtv.com\/index.php?rest_route=%2Fwp%2Fv2%2Fcomments&post=61628"}],"version-history":[{"count":1,"href":"https:\/\/www.egemtv.com\/index.php?rest_route=\/wp\/v2\/posts\/61628\/revisions"}],"predecessor-version":[{"id":61630,"href":"https:\/\/www.egemtv.com\/index.php?rest_route=\/wp\/v2\/posts\/61628\/revisions\/61630"}],"wp:featuredmedia":[{"embeddable":true,"href":"https:\/\/www.egemtv.com\/index.php?rest_route=\/wp\/v2\/media\/61629"}],"wp:attachment":[{"href":"https:\/\/www.egemtv.com\/index.php?rest_route=%2Fwp%2Fv2%2Fmedia&parent=61628"}],"wp:term":[{"taxonomy":"category","embeddable":true,"href":"https:\/\/www.egemtv.com\/index.php?rest_route=%2Fwp%2Fv2%2Fcategories&post=61628"},{"taxonomy":"post_tag","embeddable":true,"href":"https:\/\/www.egemtv.com\/index.php?rest_route=%2Fwp%2Fv2%2Ftags&post=61628"}],"curies":[{"name":"wp","href":"https:\/\/api.w.org\/{rel}","templated":true}]}}