{"id":61625,"date":"2025-10-15T16:55:51","date_gmt":"2025-10-15T13:55:51","guid":{"rendered":"https:\/\/www.egemtv.com\/?p=61625"},"modified":"2025-10-15T16:55:58","modified_gmt":"2025-10-15T13:55:58","slug":"bucakta-ot-balyalari-yandi","status":"publish","type":"post","link":"https:\/\/www.egemtv.com\/?p=61625","title":{"rendered":"Bucak\u2019ta ot balyalar\u0131 yand\u0131"},"content":{"rendered":"<p>Burdur\u2019un Bucak il\u00e7esinde \u00e7\u0131kan yang\u0131nda ot balyalar\u0131 yand\u0131.<br \/>\n<br \/>Yang\u0131n, \u00f6\u011fle saatlerinde Bucak il\u00e7esi Barboros Mahallesi Kad\u0131n Kuyusu mevkiinde meydana geldi. Edinilen bilgiye g\u00f6re, ot balyalar\u0131n\u0131n bulundu\u011fu alanda hen\u00fcz bilinmeyen bir sebeple yang\u0131n \u00e7\u0131kt\u0131. Alevleri g\u00f6ren vatanda\u015flar\u0131n ihbar\u0131 \u00fczerine olay yerine itfaiye ekipleri sevk edildi. Ekiplerin m\u00fcdahalesiyle yang\u0131n kontrol alt\u0131na al\u0131narak s\u00f6nd\u00fcr\u00fcld\u00fc. Yang\u0131n\u0131n \u00e7\u0131k\u0131\u015f nedeni ara\u015ft\u0131r\u0131l\u0131yor.<br \/><\/p>\n","protected":false},"excerpt":{"rendered":"<p>Burdur\u2019un Bucak il\u00e7esinde \u00e7\u0131kan yang\u0131nda ot balyalar\u0131 yand\u0131. Yang\u0131n, \u00f6\u011fle saatlerinde Bucak il\u00e7esi Barboros Mahallesi Kad\u0131n Kuyusu mevkiinde meydana geldi. Edinilen bilgiye g\u00f6re, ot balyalar\u0131n\u0131n bulundu\u011fu alanda hen\u00fcz bilinmeyen bir sebeple yang\u0131n \u00e7\u0131kt\u0131. Alevleri g\u00f6ren vatanda\u015flar\u0131n ihbar\u0131 \u00fczerine olay yerine itfaiye ekipleri sevk edildi. Ekiplerin m\u00fcdahalesiyle yang\u0131n kontrol alt\u0131na al\u0131narak s\u00f6nd\u00fcr\u00fcld\u00fc. Yang\u0131n\u0131n \u00e7\u0131k\u0131\u015f nedeni ara\u015ft\u0131r\u0131l\u0131yor.<\/p>\n","protected":false},"author":1,"featured_media":61626,"comment_status":"open","ping_status":"open","sticky":false,"template":"","format":"standard","meta":{"_crdt_document":"","footnotes":""},"categories":[5],"tags":[],"class_list":["post-61625","post","type-post","status-publish","format-standard","has-post-thumbnail","hentry","category-asayis"],"_links":{"self":[{"href":"https:\/\/www.egemtv.com\/index.php?rest_route=\/wp\/v2\/posts\/61625","targetHints":{"allow":["GET"]}}],"collection":[{"href":"https:\/\/www.egemtv.com\/index.php?rest_route=\/wp\/v2\/posts"}],"about":[{"href":"https:\/\/www.egemtv.com\/index.php?rest_route=\/wp\/v2\/types\/post"}],"author":[{"embeddable":true,"href":"https:\/\/www.egemtv.com\/index.php?rest_route=\/wp\/v2\/users\/1"}],"replies":[{"embeddable":true,"href":"https:\/\/www.egemtv.com\/index.php?rest_route=%2Fwp%2Fv2%2Fcomments&post=61625"}],"version-history":[{"count":1,"href":"https:\/\/www.egemtv.com\/index.php?rest_route=\/wp\/v2\/posts\/61625\/revisions"}],"predecessor-version":[{"id":61627,"href":"https:\/\/www.egemtv.com\/index.php?rest_route=\/wp\/v2\/posts\/61625\/revisions\/61627"}],"wp:featuredmedia":[{"embeddable":true,"href":"https:\/\/www.egemtv.com\/index.php?rest_route=\/wp\/v2\/media\/61626"}],"wp:attachment":[{"href":"https:\/\/www.egemtv.com\/index.php?rest_route=%2Fwp%2Fv2%2Fmedia&parent=61625"}],"wp:term":[{"taxonomy":"category","embeddable":true,"href":"https:\/\/www.egemtv.com\/index.php?rest_route=%2Fwp%2Fv2%2Fcategories&post=61625"},{"taxonomy":"post_tag","embeddable":true,"href":"https:\/\/www.egemtv.com\/index.php?rest_route=%2Fwp%2Fv2%2Ftags&post=61625"}],"curies":[{"name":"wp","href":"https:\/\/api.w.org\/{rel}","templated":true}]}}