{"id":61622,"date":"2025-10-15T16:36:22","date_gmt":"2025-10-15T13:36:22","guid":{"rendered":"https:\/\/www.egemtv.com\/?p=61622"},"modified":"2025-10-15T16:36:32","modified_gmt":"2025-10-15T13:36:32","slug":"didimde-ogrencilere-su-urunleri-ve-deniz-temizligi-anlatildi","status":"publish","type":"post","link":"https:\/\/www.egemtv.com\/?p=61622","title":{"rendered":"Didim\u2019de \u00f6\u011frencilere su \u00fcr\u00fcnleri ve deniz temizli\u011fi anlat\u0131ld\u0131"},"content":{"rendered":"<p>Ayd\u0131n Tar\u0131m Orman \u0130l ve \u0130l\u00e7e M\u00fcd\u00fcrl\u00fc\u011f\u00fc ekipleri, Didim\u2019de \u00f6\u011frencilere deniz ekosisteminin korunmas\u0131 ve su \u00fcr\u00fcnlerinin bilin\u00e7li t\u00fcketimi konusunda e\u011fitim verdi.<\/p>\n<p>Didim Denizk\u00f6y Ortaokulu ve Didim Anadolu Lisesi\u2019nde ger\u00e7ekle\u015ftirilen e\u011fitimlerde, Su \u00dcr\u00fcnleri Kontrol personelleri taraf\u0131ndan \u00f6\u011frencilere deniz \u00e7\u00f6plerinin \u00e7evreye etkileri, sucul istilac\u0131 t\u00fcrlerin ekosistem \u00fczerindeki tehditleri ve hayalet av ara\u00e7lar\u0131n\u0131n deniz canl\u0131lar\u0131na verdi\u011fi zararlar hakk\u0131nda bilgilendirme yap\u0131ld\u0131. Program kapsam\u0131nda ayr\u0131ca su \u00fcr\u00fcnleri t\u00fcketiminin art\u0131r\u0131lmas\u0131, bal\u0131k ve bal\u0131k d\u0131\u015f\u0131 su \u00fcr\u00fcnlerinin tan\u0131t\u0131lmas\u0131 konular\u0131nda da \u00f6\u011frencilere bilgi verildi. E\u011fitimin sonunda \u00f6\u011frenciler, denizlerin s\u00fcrd\u00fcr\u00fclebilirli\u011fi i\u00e7in bireysel fark\u0131ndal\u0131\u011f\u0131n \u00f6nemine dikkat \u00e7ekilerek \u00e7evreye duyarl\u0131 bireyler olmaya te\u015fvik edildi.<br \/><\/p>\n","protected":false},"excerpt":{"rendered":"<p>Ayd\u0131n Tar\u0131m Orman \u0130l ve \u0130l\u00e7e M\u00fcd\u00fcrl\u00fc\u011f\u00fc ekipleri, Didim\u2019de \u00f6\u011frencilere deniz ekosisteminin korunmas\u0131 ve su \u00fcr\u00fcnlerinin bilin\u00e7li t\u00fcketimi konusunda e\u011fitim verdi. Didim Denizk\u00f6y Ortaokulu ve Didim Anadolu Lisesi\u2019nde ger\u00e7ekle\u015ftirilen e\u011fitimlerde, Su \u00dcr\u00fcnleri Kontrol personelleri taraf\u0131ndan \u00f6\u011frencilere deniz \u00e7\u00f6plerinin \u00e7evreye etkileri, sucul istilac\u0131 t\u00fcrlerin ekosistem \u00fczerindeki tehditleri ve hayalet av ara\u00e7lar\u0131n\u0131n deniz canl\u0131lar\u0131na verdi\u011fi zararlar hakk\u0131nda&#8230;<\/p>\n","protected":false},"author":1,"featured_media":61623,"comment_status":"open","ping_status":"open","sticky":false,"template":"","format":"standard","meta":{"_crdt_document":"","footnotes":""},"categories":[1],"tags":[],"class_list":["post-61622","post","type-post","status-publish","format-standard","has-post-thumbnail","hentry","category-guncel"],"_links":{"self":[{"href":"https:\/\/www.egemtv.com\/index.php?rest_route=\/wp\/v2\/posts\/61622","targetHints":{"allow":["GET"]}}],"collection":[{"href":"https:\/\/www.egemtv.com\/index.php?rest_route=\/wp\/v2\/posts"}],"about":[{"href":"https:\/\/www.egemtv.com\/index.php?rest_route=\/wp\/v2\/types\/post"}],"author":[{"embeddable":true,"href":"https:\/\/www.egemtv.com\/index.php?rest_route=\/wp\/v2\/users\/1"}],"replies":[{"embeddable":true,"href":"https:\/\/www.egemtv.com\/index.php?rest_route=%2Fwp%2Fv2%2Fcomments&post=61622"}],"version-history":[{"count":1,"href":"https:\/\/www.egemtv.com\/index.php?rest_route=\/wp\/v2\/posts\/61622\/revisions"}],"predecessor-version":[{"id":61624,"href":"https:\/\/www.egemtv.com\/index.php?rest_route=\/wp\/v2\/posts\/61622\/revisions\/61624"}],"wp:featuredmedia":[{"embeddable":true,"href":"https:\/\/www.egemtv.com\/index.php?rest_route=\/wp\/v2\/media\/61623"}],"wp:attachment":[{"href":"https:\/\/www.egemtv.com\/index.php?rest_route=%2Fwp%2Fv2%2Fmedia&parent=61622"}],"wp:term":[{"taxonomy":"category","embeddable":true,"href":"https:\/\/www.egemtv.com\/index.php?rest_route=%2Fwp%2Fv2%2Fcategories&post=61622"},{"taxonomy":"post_tag","embeddable":true,"href":"https:\/\/www.egemtv.com\/index.php?rest_route=%2Fwp%2Fv2%2Ftags&post=61622"}],"curies":[{"name":"wp","href":"https:\/\/api.w.org\/{rel}","templated":true}]}}