{"id":61619,"date":"2025-10-15T16:35:57","date_gmt":"2025-10-15T13:35:57","guid":{"rendered":"https:\/\/www.egemtv.com\/?p=61619"},"modified":"2025-10-15T16:36:07","modified_gmt":"2025-10-15T13:36:07","slug":"universite-ogrencilerine-siddetle-mucadele-anlatildi","status":"publish","type":"post","link":"https:\/\/www.egemtv.com\/?p=61619","title":{"rendered":"\u00dcniversite \u00f6\u011frencilerine \u015fiddetle m\u00fccadele anlat\u0131ld\u0131"},"content":{"rendered":"<p>Afyonkarahisar\u2019da polis ekipleri \u00fcniversite \u00f6\u011frencilerine y\u00f6nelik kad\u0131na \u015fiddetle m\u00fccadele konusunda e\u011fitim verip KADES\u2019i tan\u0131tt\u0131.<br \/>\n<br \/>Ger\u00e7ekle\u015ftirilen e\u011fitim \u00e7al\u0131\u015fmas\u0131yla ilgili \u0130l Emniyet M\u00fcd\u00fcrl\u00fc\u011f\u00fcnden yapilan a\u00e7\u0131klamada e\u011fitim \u00e7al\u0131\u015fmas\u0131n\u0131n Sinanpa\u015fa il\u00e7esinde yap\u0131ld\u0131\u011f\u0131 belirtildi. A\u00e7\u0131klamada, &#8220;\u0130l Emniyet M\u00fcd\u00fcrl\u00fc\u011f\u00fc g\u00f6revlilerimizce, ilimiz Sinanpa\u015fa Meslek Y\u00fcksek Okulu \u00f6\u011frencilerimizey\u00f6nelik olarak bilgilendirme ve fark\u0131ndal\u0131k olu\u015fturulma \u00e7al\u0131\u015fmalar\u0131 do\u011frultusunda e\u011fitim verildi. Asayi\u015f olaylar\u0131 ile ilgili olarak dikkatli ve duyarl\u0131 olmalar\u0131 ve Ailenin Korunmas\u0131 ve Kad\u0131na Kar\u015f\u0131 \u015eiddetin \u00d6nlenmesine Dair kanun \u00e7er\u00e7evesinde KADESuygulamas\u0131 hakk\u0131nda bilgilendirmeve bilin\u00e7lendirme \u00e7al\u0131\u015fmalar\u0131 yap\u0131lm\u0131\u015ft\u0131r. Bilgilendirme faaliyetunde bro\u015f\u00fcr da\u011f\u0131t\u0131m\u0131 yap\u0131larak konunun \u00f6nemi vurgulanm\u0131\u015ft\u0131r&#8221; ifadelerine yer verildi.<br \/><\/p>\n","protected":false},"excerpt":{"rendered":"<p>Afyonkarahisar\u2019da polis ekipleri \u00fcniversite \u00f6\u011frencilerine y\u00f6nelik kad\u0131na \u015fiddetle m\u00fccadele konusunda e\u011fitim verip KADES\u2019i tan\u0131tt\u0131. Ger\u00e7ekle\u015ftirilen e\u011fitim \u00e7al\u0131\u015fmas\u0131yla ilgili \u0130l Emniyet M\u00fcd\u00fcrl\u00fc\u011f\u00fcnden yapilan a\u00e7\u0131klamada e\u011fitim \u00e7al\u0131\u015fmas\u0131n\u0131n Sinanpa\u015fa il\u00e7esinde yap\u0131ld\u0131\u011f\u0131 belirtildi. A\u00e7\u0131klamada, &#8220;\u0130l Emniyet M\u00fcd\u00fcrl\u00fc\u011f\u00fc g\u00f6revlilerimizce, ilimiz Sinanpa\u015fa Meslek Y\u00fcksek Okulu \u00f6\u011frencilerimizey\u00f6nelik olarak bilgilendirme ve fark\u0131ndal\u0131k olu\u015fturulma \u00e7al\u0131\u015fmalar\u0131 do\u011frultusunda e\u011fitim verildi. Asayi\u015f olaylar\u0131 ile ilgili olarak dikkatli&#8230;<\/p>\n","protected":false},"author":1,"featured_media":61620,"comment_status":"open","ping_status":"open","sticky":false,"template":"","format":"standard","meta":{"_crdt_document":"","footnotes":""},"categories":[1],"tags":[],"class_list":["post-61619","post","type-post","status-publish","format-standard","has-post-thumbnail","hentry","category-guncel"],"_links":{"self":[{"href":"https:\/\/www.egemtv.com\/index.php?rest_route=\/wp\/v2\/posts\/61619","targetHints":{"allow":["GET"]}}],"collection":[{"href":"https:\/\/www.egemtv.com\/index.php?rest_route=\/wp\/v2\/posts"}],"about":[{"href":"https:\/\/www.egemtv.com\/index.php?rest_route=\/wp\/v2\/types\/post"}],"author":[{"embeddable":true,"href":"https:\/\/www.egemtv.com\/index.php?rest_route=\/wp\/v2\/users\/1"}],"replies":[{"embeddable":true,"href":"https:\/\/www.egemtv.com\/index.php?rest_route=%2Fwp%2Fv2%2Fcomments&post=61619"}],"version-history":[{"count":1,"href":"https:\/\/www.egemtv.com\/index.php?rest_route=\/wp\/v2\/posts\/61619\/revisions"}],"predecessor-version":[{"id":61621,"href":"https:\/\/www.egemtv.com\/index.php?rest_route=\/wp\/v2\/posts\/61619\/revisions\/61621"}],"wp:featuredmedia":[{"embeddable":true,"href":"https:\/\/www.egemtv.com\/index.php?rest_route=\/wp\/v2\/media\/61620"}],"wp:attachment":[{"href":"https:\/\/www.egemtv.com\/index.php?rest_route=%2Fwp%2Fv2%2Fmedia&parent=61619"}],"wp:term":[{"taxonomy":"category","embeddable":true,"href":"https:\/\/www.egemtv.com\/index.php?rest_route=%2Fwp%2Fv2%2Fcategories&post=61619"},{"taxonomy":"post_tag","embeddable":true,"href":"https:\/\/www.egemtv.com\/index.php?rest_route=%2Fwp%2Fv2%2Ftags&post=61619"}],"curies":[{"name":"wp","href":"https:\/\/api.w.org\/{rel}","templated":true}]}}