{"id":61610,"date":"2025-10-15T15:55:19","date_gmt":"2025-10-15T12:55:19","guid":{"rendered":"https:\/\/www.egemtv.com\/?p=61610"},"modified":"2025-10-15T15:55:22","modified_gmt":"2025-10-15T12:55:22","slug":"gazze-ile-ilgili-korkunc-iddia","status":"publish","type":"post","link":"https:\/\/www.egemtv.com\/?p=61610","title":{"rendered":"Gazze ile ilgili korkun\u00e7 iddia"},"content":{"rendered":"<p>\u2018Anadolu\u2019dan Gazze\u2019ye\u2019 Platformu Ba\u015fkan Yard\u0131mc\u0131s\u0131 Ay\u00e7in Kanto\u011flu, &#8220;Birle\u015fmi\u015f Milletler Filistin \u00d6zel Raport\u00f6r\u00fc Francesca Albanese ile Tunus\u2019ta tan\u0131\u015fma f\u0131rsat\u0131 buldum. Bir a\u00e7\u0131klama yapt\u0131, dedi ki \u2018Ger\u00e7ek soyk\u0131r\u0131m, \u00f6l\u00fcm rakamlar\u0131 700 bini buldu. Bunun 450 bini \u00e7ocuk, 380 bini 3 ya\u015f\u0131n alt\u0131nda\u2019 dedi&#8221; ifadelerini kulland\u0131.<br \/>\n<br \/>Mu\u011fla S\u0131tk\u0131 Ko\u00e7man \u00dcniversitesi 2025-2026 E\u011fitim ve \u00d6\u011fretim Y\u0131l\u0131 akademik A\u00e7\u0131l\u0131\u015f t\u00f6renine kat\u0131lan \u2018Anadolu\u2019dan Gazze\u2019ye\u2019 Platformu Ba\u015fkan Yard\u0131mc\u0131s\u0131 aktivist Ay\u00e7in Kanto\u011flu \u2018\u0130lk S\u00f6z Gazze\u2019 konulu konu\u015fma ger\u00e7ekle\u015ftirdi. Mu\u011fla S\u0131tk\u0131 Ko\u00e7man \u00dcniversitesi AKM 15 Temmuz Demokrasi \u015eehitleri Salonunda konu\u015fan aktivist Ay\u00e7in Kanto\u011flu, &#8220;Kendisinin \u00fcst\u00fcn oldu\u011funu iddia eden, ba\u015fkalar\u0131n\u0131 katledebilece\u011fini, katledebiliyor oldu\u011funu iddia eden, hatta \u00e7ocuklar\u0131n bile katledebilir oldu\u011funu iddia ediyor. Say\u0131n Cumhurba\u015fkan\u0131\u2019n\u0131n bir tespiti var, \u0130slam d\u00fcnyas\u0131 s\u0131n\u0131fta kald\u0131, Bat\u0131 Devletleri s\u0131n\u0131fta kald\u0131 ve sonunda halklardan bir irade ortaya \u00e7\u0131kt\u0131. Bu organizasyona Mavi Marmara ile ba\u015flayan Madleen ve Hanzala ile devam eden ve tam olarak da ad\u0131n\u0131 Sumud koyduklar\u0131 bir eylem ortaya \u00e7\u0131kt\u0131&#8221; dedi.<\/p>\n<p>&#8220;Hasar\u0131n boyutlar\u0131 bilinmiyor&#8221;<br \/>\n<br \/>Filistin\u2019de, Gazze\u2019de ya\u015fanan soyk\u0131r\u0131m hasar\u0131n\u0131n boyutlar\u0131n\u0131n belli olmad\u0131\u011f\u0131n belirten Kanto\u011flu, &#8220;Bu meseleyi, herhangi bir garabete b\u0131rakmadan insanl\u0131k meselesi olarak do\u011fru yerden kavr\u0131yoruz. Filistin halk\u0131n\u0131n ya\u015fad\u0131\u011f\u0131 zul\u00fcm ve Siyonist \u0130srail\u2019in g\u00f6sterdi\u011fi c\u00fcretkar davran\u0131\u015flar kabul edilemez, tahamm\u00fcl edilemez seviyedeki \u015fiddet insanl\u0131\u011f\u0131n vicdan\u0131n\u0131 harekete ge\u00e7irdi. Evet, \u015fu anda i\u00e7erideki hasar\u0131n boyutlar\u0131n\u0131 a\u015fa\u011f\u0131 yukar\u0131 biz biliyoruz ama hen\u00fcz foto\u011fraflanm\u0131\u015f, belgelenmi\u015f de\u011fil. Hali haz\u0131rda uluslararas\u0131 gazeteciler i\u00e7eri girmi\u015f de\u011filler. O nedenle konu\u015furken rakamlar\u0131m\u0131z olduk\u00e7a d\u00fc\u015f\u00fck seviyede. Oysa hakikat bunun \u00e7ok \u00fcst\u00fcnde. Birle\u015fmi\u015f Milletler Filistin \u00d6zel Raport\u00f6r\u00fc Francesca Albanese ile Tunus\u2019ta tan\u0131\u015fma f\u0131rsat\u0131 buldum. Bir a\u00e7\u0131klama yapt\u0131, dedi ki \u2018Ger\u00e7ek soyk\u0131r\u0131m, \u00f6l\u00fcm rakamlar\u0131 700 bini buldu. Bunun 450 bini \u00e7ocuk, 380 bini 3 ya\u015f\u0131n alt\u0131nda\u2019 dedi. \u00d6l\u00fcler dirileri konu\u015fmaya \u00e7a\u011f\u0131r\u0131yor&#8221; ifadelerini kulland\u0131.<\/p>\n<p>&#8220;Bizden alacaklar\u0131 tek toprak g\u00f6zlerini dolduracak toprakt\u0131r&#8221;<br \/>\n<br \/>T\u00fcrkiye\u2019nin \u2019vaat edilmi\u015f topraklar\u2019 iddias\u0131nda olanlara verilecek bir kar\u0131\u015f topra\u011f\u0131n bulunmad\u0131\u011f\u0131n\u0131 belirten Kanto\u011flu, &#8220;B\u00f6yle bir durum kutsal kitaplarda rastlan\u0131r ancak. Bedelsiz kalmamal\u0131. O y\u00fczden bu i\u015fin hem mesuliyetine, hem intikam\u0131na tabiyiz. Bu katliam\u0131n sadece Filistin ile s\u0131n\u0131rl\u0131 oldu\u011funu d\u00fc\u015f\u00fcnmeyin. Say\u0131n Cumhurba\u015fkan\u0131 bir\u00e7ok mecliste defaatle hedefin T\u00fcrkiye oldu\u011funu s\u00f6ylemi\u015fti. O y\u00fczden bu ate\u015fkes sadece Filistin halk\u0131 i\u00e7in de\u011fil, bizler i\u00e7in de \u00f6nemli bir zamand\u0131r. Bu zaman\u0131 T\u00fcrkiye\u2019yi g\u00fc\u00e7lendirmek, i\u00e7eride ve d\u0131\u015far\u0131da tahkim etmek ve gelecekte olabileceklere kar\u015f\u0131 savunmak \u00fczere g\u00fc\u00e7lendirmek i\u00e7in ge\u00e7irmeliyiz. Ve biz \u015fuurunu aya\u011fa kald\u0131rmal\u0131y\u0131z. Vadedilen topraklara ili\u015fkin at\u0131p tutanlara hak ettikleri topraklarda oturanlar\u0131n bir cevab\u0131 olur. Bizden alacaklar\u0131 tek toprak g\u00f6zlerini dolduracak toprakt\u0131r. O y\u00fczden hi\u00e7 kimse heveslenmesin. \u00c7ok \u015f\u00fck\u00fcr tarihimizde de b\u00f6yle bir vebalimiz yoktur. Ama iyili\u011fin olmay\u0131\u015f\u0131ndan mesul tutarlar bizi. O y\u00fczden iyiler aya\u011fa kalkmak zorunda. Neticesi ne olursa olsun, bu gayreti g\u00f6stermek zorunday\u0131z. \u0130\u015fte Sumud b\u00f6yle bir \u00e7aba. Ate\u015fkes hepimiz i\u00e7in yaralar\u0131m\u0131z\u0131 sarmak, gelece\u011fimizi tahkim edece\u011fimiz zalimi pe\u015fine d\u00fc\u015fmekten vazge\u00e7meyece\u011fimiz onu her alanda susturmaya \u00e7al\u0131\u015faca\u011f\u0131m\u0131z \u00f6nemli bir s\u00fcre\u00e7tir&#8221; dedi.<br \/><\/p>\n","protected":false},"excerpt":{"rendered":"<p>\u2018Anadolu\u2019dan Gazze\u2019ye\u2019 Platformu Ba\u015fkan Yard\u0131mc\u0131s\u0131 Ay\u00e7in Kanto\u011flu, &#8220;Birle\u015fmi\u015f Milletler Filistin \u00d6zel Raport\u00f6r\u00fc Francesca Albanese ile Tunus\u2019ta tan\u0131\u015fma f\u0131rsat\u0131 buldum. Bir a\u00e7\u0131klama yapt\u0131, dedi ki \u2018Ger\u00e7ek soyk\u0131r\u0131m, \u00f6l\u00fcm rakamlar\u0131 700 bini buldu. Bunun 450 bini \u00e7ocuk, 380 bini 3 ya\u015f\u0131n alt\u0131nda\u2019 dedi&#8221; ifadelerini kulland\u0131. Mu\u011fla S\u0131tk\u0131 Ko\u00e7man \u00dcniversitesi 2025-2026 E\u011fitim ve \u00d6\u011fretim Y\u0131l\u0131 akademik A\u00e7\u0131l\u0131\u015f t\u00f6renine&#8230;<\/p>\n","protected":false},"author":1,"featured_media":61611,"comment_status":"open","ping_status":"open","sticky":false,"template":"","format":"standard","meta":{"_crdt_document":"","footnotes":""},"categories":[1],"tags":[],"class_list":["post-61610","post","type-post","status-publish","format-standard","has-post-thumbnail","hentry","category-guncel"],"_links":{"self":[{"href":"https:\/\/www.egemtv.com\/index.php?rest_route=\/wp\/v2\/posts\/61610","targetHints":{"allow":["GET"]}}],"collection":[{"href":"https:\/\/www.egemtv.com\/index.php?rest_route=\/wp\/v2\/posts"}],"about":[{"href":"https:\/\/www.egemtv.com\/index.php?rest_route=\/wp\/v2\/types\/post"}],"author":[{"embeddable":true,"href":"https:\/\/www.egemtv.com\/index.php?rest_route=\/wp\/v2\/users\/1"}],"replies":[{"embeddable":true,"href":"https:\/\/www.egemtv.com\/index.php?rest_route=%2Fwp%2Fv2%2Fcomments&post=61610"}],"version-history":[{"count":1,"href":"https:\/\/www.egemtv.com\/index.php?rest_route=\/wp\/v2\/posts\/61610\/revisions"}],"predecessor-version":[{"id":61612,"href":"https:\/\/www.egemtv.com\/index.php?rest_route=\/wp\/v2\/posts\/61610\/revisions\/61612"}],"wp:featuredmedia":[{"embeddable":true,"href":"https:\/\/www.egemtv.com\/index.php?rest_route=\/wp\/v2\/media\/61611"}],"wp:attachment":[{"href":"https:\/\/www.egemtv.com\/index.php?rest_route=%2Fwp%2Fv2%2Fmedia&parent=61610"}],"wp:term":[{"taxonomy":"category","embeddable":true,"href":"https:\/\/www.egemtv.com\/index.php?rest_route=%2Fwp%2Fv2%2Fcategories&post=61610"},{"taxonomy":"post_tag","embeddable":true,"href":"https:\/\/www.egemtv.com\/index.php?rest_route=%2Fwp%2Fv2%2Ftags&post=61610"}],"curies":[{"name":"wp","href":"https:\/\/api.w.org\/{rel}","templated":true}]}}