{"id":61607,"date":"2025-10-15T15:35:18","date_gmt":"2025-10-15T12:35:18","guid":{"rendered":"https:\/\/www.egemtv.com\/?p=61607"},"modified":"2025-10-15T15:35:20","modified_gmt":"2025-10-15T12:35:20","slug":"pratisyen-hekim-aydin-devlet-hastanesinde-goreve-basladi","status":"publish","type":"post","link":"https:\/\/www.egemtv.com\/?p=61607","title":{"rendered":"Pratisyen Hekim Ayd\u0131n, Devlet Hastanesi\u2019nde g\u00f6reve ba\u015flad\u0131"},"content":{"rendered":"<p>Pratisyen Hekim Rumeysa Polat, Ayd\u0131n Devlet Hastanesi kadrosuna kat\u0131larak g\u00f6revine ba\u015flad\u0131.<\/p>\n<p>Ayd\u0131n Devlet Hastanesi, b\u00f6lge halk\u0131na daha h\u0131zl\u0131, daha eri\u015filebilir ve nitelikli sa\u011fl\u0131k hizmeti sunmak amac\u0131yla kadrosunu geni\u015fletmeyi s\u00fcrd\u00fcr\u00fcyor. Artan n\u00fcfus ve sa\u011fl\u0131k hizmeti ihtiyac\u0131na paralel olarak hekim say\u0131s\u0131n\u0131 artt\u0131ran Ayd\u0131n Devlet Hastanesi\u2019nde Pratisyen Hekim Rumeysa Polat Ayd\u0131n Devlet Hastanesi\u2019nde g\u00f6reve ba\u015flad\u0131. Hastane y\u00f6neticileri, Polat\u2019a yeni g\u00f6revinde ba\u015far\u0131lar diledi.<br \/><\/p>\n","protected":false},"excerpt":{"rendered":"<p>Pratisyen Hekim Rumeysa Polat, Ayd\u0131n Devlet Hastanesi kadrosuna kat\u0131larak g\u00f6revine ba\u015flad\u0131. Ayd\u0131n Devlet Hastanesi, b\u00f6lge halk\u0131na daha h\u0131zl\u0131, daha eri\u015filebilir ve nitelikli sa\u011fl\u0131k hizmeti sunmak amac\u0131yla kadrosunu geni\u015fletmeyi s\u00fcrd\u00fcr\u00fcyor. Artan n\u00fcfus ve sa\u011fl\u0131k hizmeti ihtiyac\u0131na paralel olarak hekim say\u0131s\u0131n\u0131 artt\u0131ran Ayd\u0131n Devlet Hastanesi\u2019nde Pratisyen Hekim Rumeysa Polat Ayd\u0131n Devlet Hastanesi\u2019nde g\u00f6reve ba\u015flad\u0131. Hastane y\u00f6neticileri, Polat\u2019a&#8230;<\/p>\n","protected":false},"author":1,"featured_media":61608,"comment_status":"open","ping_status":"open","sticky":false,"template":"","format":"standard","meta":{"_crdt_document":"","footnotes":""},"categories":[2],"tags":[],"class_list":["post-61607","post","type-post","status-publish","format-standard","has-post-thumbnail","hentry","category-saglik"],"_links":{"self":[{"href":"https:\/\/www.egemtv.com\/index.php?rest_route=\/wp\/v2\/posts\/61607","targetHints":{"allow":["GET"]}}],"collection":[{"href":"https:\/\/www.egemtv.com\/index.php?rest_route=\/wp\/v2\/posts"}],"about":[{"href":"https:\/\/www.egemtv.com\/index.php?rest_route=\/wp\/v2\/types\/post"}],"author":[{"embeddable":true,"href":"https:\/\/www.egemtv.com\/index.php?rest_route=\/wp\/v2\/users\/1"}],"replies":[{"embeddable":true,"href":"https:\/\/www.egemtv.com\/index.php?rest_route=%2Fwp%2Fv2%2Fcomments&post=61607"}],"version-history":[{"count":1,"href":"https:\/\/www.egemtv.com\/index.php?rest_route=\/wp\/v2\/posts\/61607\/revisions"}],"predecessor-version":[{"id":61609,"href":"https:\/\/www.egemtv.com\/index.php?rest_route=\/wp\/v2\/posts\/61607\/revisions\/61609"}],"wp:featuredmedia":[{"embeddable":true,"href":"https:\/\/www.egemtv.com\/index.php?rest_route=\/wp\/v2\/media\/61608"}],"wp:attachment":[{"href":"https:\/\/www.egemtv.com\/index.php?rest_route=%2Fwp%2Fv2%2Fmedia&parent=61607"}],"wp:term":[{"taxonomy":"category","embeddable":true,"href":"https:\/\/www.egemtv.com\/index.php?rest_route=%2Fwp%2Fv2%2Fcategories&post=61607"},{"taxonomy":"post_tag","embeddable":true,"href":"https:\/\/www.egemtv.com\/index.php?rest_route=%2Fwp%2Fv2%2Ftags&post=61607"}],"curies":[{"name":"wp","href":"https:\/\/api.w.org\/{rel}","templated":true}]}}