{"id":61601,"date":"2025-10-15T15:35:01","date_gmt":"2025-10-15T12:35:01","guid":{"rendered":"https:\/\/www.egemtv.com\/?p=61601"},"modified":"2025-10-15T15:35:06","modified_gmt":"2025-10-15T12:35:06","slug":"sultanhisarda-genel-tarim-sayimi-eksik-parseller-konulu-toplanti-yapildi","status":"publish","type":"post","link":"https:\/\/www.egemtv.com\/?p=61601","title":{"rendered":"Sultanhisar\u2019da &#8220;genel tar\u0131m say\u0131m\u0131 eksik parseller&#8221; konulu toplant\u0131 yap\u0131ld\u0131"},"content":{"rendered":"<p>Ayd\u0131n\u2019\u0131n Sultanhisar il\u00e7esinde Tar\u0131m ve Orman Bakanl\u0131\u011f\u0131 ve T\u00fcrkiye istatistik kurumu ba\u015fkanl\u0131\u011f\u0131 aras\u0131nda yap\u0131lan protokol kapsam\u0131nda genel tar\u0131m say\u0131m\u0131na ili\u015fkin olarak &#8220;genel tar\u0131m say\u0131m\u0131 eksik parseller&#8221; konulu toplant\u0131 yap\u0131ld\u0131. Sultanhisar ve Yenipazar il\u00e7elerine ba\u011fl\u0131 mahalle muhtarlar\u0131 toplant\u0131da bilgilendirildi.<\/p>\n<p>Tar\u0131m ve Orman Bakanl\u0131\u011f\u0131n\u0131n; tar\u0131msal \u00fcretimin g\u00fcncel ve do\u011fru verilerle izlenmesini sa\u011flamay\u0131, k\u0131rsal kalk\u0131nma politikalar\u0131na katk\u0131da bulunmay\u0131, sahadaki \u00e7al\u0131\u015fmalar i\u00e7in gerekli i\u015f birli\u011fi ve koordinasyonu olu\u015fturmay\u0131 ama\u00e7layan, Cumhuriyet tarihinin en kapsaml\u0131 tar\u0131m say\u0131m\u0131 olarak nitelendirilen 2025 y\u0131l\u0131 genel tar\u0131m say\u0131m\u0131 \u00e7al\u0131\u015fmalar\u0131nda sona yakla\u015f\u0131l\u0131yor. Ayd\u0131n genelinde yap\u0131lan \u00e7al\u0131\u015fmalar kapsam\u0131nda Sultanhisar ve Yenipazar il\u00e7elerine ba\u011fl\u0131 mahalle muhtarlar\u0131 da bilgilendirildi. Ayd\u0131n Adnan Menderes \u00dcniversitesi Sultanhisar MYO\u2019nun ev sahipli\u011finde d\u00fczenlenen toplant\u0131ya Sultanhisar Kaymakam\u0131 Ali Ekber Ate\u015f, AD\u00dc Sultanhisar MYO M\u00fcd\u00fcr\u00fc Prof.Dr.Ahmet K\u0131l\u0131\u00e7kan, Belediye Ba\u015fkan Yard\u0131mc\u0131s\u0131 Okan Yal\u00e7\u0131nkaya, Sultanhisar Tar\u0131m ve Orman \u0130l\u00e7e M\u00fcd\u00fcr\u00fc Dr.Taner Bozbek, Yenipazar Tar\u0131m ve Orman \u0130l\u00e7e M\u00fcd\u00fcr\u00fc Erkan Kas\u0131rga, her iki il\u00e7enin protokol \u00fcyeleri ile muhtarlar kat\u0131ld\u0131.<\/p>\n<p>Son g\u00fcn 24 Ekim 2025<br \/>\n<br \/>Ayd\u0131n Tar\u0131m ve Orman \u0130l M\u00fcd\u00fcrl\u00fc\u011f\u00fcnden Koordinasyon ve Tar\u0131msal Veriler \u015eube M\u00fcd\u00fcr Vekili Mustafa \u00d6zsemerci, toplant\u0131ya kat\u0131lanlara \u00e7al\u0131\u015fmalar hakk\u0131nda bilgi vererek \u00f6zellikle muhtarlar\u0131n 24 Ekim 2025 tarihine kadar \u00e7al\u0131\u015fmalar\u0131n\u0131 tamamlamalar\u0131n\u0131 istedi. Yap\u0131lan bilgilendirmede: &#8220;Tar\u0131m say\u0131m\u0131 tar\u0131msal \u00fcretimin temel yap\u0131sal g\u00f6r\u00fcn\u00fcm\u00fcn\u00fc yerle\u015fim yeri baz\u0131nda ortaya koyan en kapsaml\u0131 veri kayna\u011f\u0131d\u0131r. Say\u0131m kapsam\u0131nda, \u00e7ift\u00e7ilerimizin faaliyetleri do\u011fru, eksiksiz ve g\u00fcncel verilerle kay\u0131t alt\u0131na al\u0131nacak ve arazi b\u00fcy\u00fckl\u00fc\u011f\u00fcnden \u00fcr\u00fcn \u00e7e\u015fitlili\u011fine; hayvanc\u0131l\u0131ktan makine park\u0131na kadar 300 farkl\u0131 de\u011fi\u015fkene ait veri toplanacakt\u0131r. Tar\u0131msal faaliyet (bitkisel ve\/veya hayvansal \u00fcretim) ger\u00e7ekle\u015ftiren t\u00fcm tar\u0131msal i\u015fletmeler (hanehalk\u0131, hanehalk\u0131 ortakl\u0131\u011f\u0131, \u015firket, kooperatif vs.) say\u0131m kapsam\u0131ndand\u0131r ve tamam\u0131ndan bilgi derlenecektir. G\u0131da ve tar\u0131m politikalar\u0131n\u0131n do\u011fru bir \u015fekilde planlanabilmesi ve etkinli\u011finin izlenebilmesi i\u00e7in ihtiya\u00e7 duyulan \u00e7ok \u00f6nemli verilerin elde edilece\u011fi bu \u00e7al\u0131\u015fmaya Bakanl\u0131\u011f\u0131m\u0131z ve T\u00dc\u0130K ba\u015fta olmak \u00fczere t\u00fcm kurumlar\u0131m\u0131z ve sivil toplum kurulu\u015flar\u0131 her t\u00fcrl\u00fc destek ve katk\u0131y\u0131 seferberlik ruhu ile sa\u011flayacakt\u0131r. \u00c7ift\u00e7ilerimizin say\u0131ma kat\u0131l\u0131m\u0131 farkl\u0131 tan\u0131t\u0131m kanallar\u0131yla te\u015fvik edilecektir. \u00c7ift\u00e7ilerin say\u0131m b\u00fcrolar\u0131na davet edilmesi, bir takvim d\u00e2hilinde SMS yoluyla T\u00dc\u0130K taraf\u0131ndan organize edilecektir. Ayr\u0131ca \u00e7ift\u00e7ilerimiz web \u00fczerinden e-devlet do\u011frulamas\u0131yla soru formunu kendi ba\u015flar\u0131na, b\u00fcroya gelmeden doldurabilecektir. \u00c7ift\u00e7ilerimizin anket \u00f6ncesinde, tasarruflar\u0131nda bulunan (tar\u0131m + tar\u0131m d\u0131\u015f\u0131) t\u00fcm alanlar\u0131n ada, parsel numaras\u0131, b\u00fcy\u00fckl\u00fc\u011f\u00fc, sahibi ya da orta\u011f\u0131 oldu\u011funuz trakt\u00f6r ve bi\u00e7erd\u00f6verin plakalar\u0131, hayvan varl\u0131\u011f\u0131n\u0131z vb. bilgileri yan\u0131nda bulundurmas\u0131 \u00f6nem arz etmektedir. D\u00f6k\u00fcm\u00fc al\u0131nan listeler \u0130l\u00e7e Say\u0131m Komitesi Ba\u015fkanl\u0131klar\u0131 taraf\u0131ndan ilgili mahalle\/k\u00f6y muhtarlar\u0131na teslim edilecektir. Muhtarlar taraf\u0131ndan, kendilerine teslim edilen formlardaki araziler ile ilgili tespit \u00e7al\u0131\u015fmas\u0131 ivedilikle ger\u00e7ekle\u015ftirilecek, listelerdeki yer alan arazilerin tar\u0131msal niteli\u011finin olup olmad\u0131\u011f\u0131, tar\u0131msal niteli\u011fi olan alanlar\u0131n kullan\u0131l\u0131p kullan\u0131lmad\u0131\u011f\u0131, kullan\u0131lan alanlar\u0131n hangi tar\u0131msal i\u015fletmeler taraf\u0131ndan tasarruf edildi\u011fi bilgileri formlara i\u015flenecektir. Tamamlanan formlar, muhtarlar taraf\u0131ndan imzalanarak Tar\u0131m ve Orman \u0130l\/\u0130l\u00e7e M\u00fcd\u00fcrl\u00fcklerine teslim edilecektir&#8221; denildi.<br \/><\/p>\n","protected":false},"excerpt":{"rendered":"<p>Ayd\u0131n\u2019\u0131n Sultanhisar il\u00e7esinde Tar\u0131m ve Orman Bakanl\u0131\u011f\u0131 ve T\u00fcrkiye istatistik kurumu ba\u015fkanl\u0131\u011f\u0131 aras\u0131nda yap\u0131lan protokol kapsam\u0131nda genel tar\u0131m say\u0131m\u0131na ili\u015fkin olarak &#8220;genel tar\u0131m say\u0131m\u0131 eksik parseller&#8221; konulu toplant\u0131 yap\u0131ld\u0131. Sultanhisar ve Yenipazar il\u00e7elerine ba\u011fl\u0131 mahalle muhtarlar\u0131 toplant\u0131da bilgilendirildi. Tar\u0131m ve Orman Bakanl\u0131\u011f\u0131n\u0131n; tar\u0131msal \u00fcretimin g\u00fcncel ve do\u011fru verilerle izlenmesini sa\u011flamay\u0131, k\u0131rsal kalk\u0131nma politikalar\u0131na katk\u0131da bulunmay\u0131,&#8230;<\/p>\n","protected":false},"author":1,"featured_media":61602,"comment_status":"open","ping_status":"open","sticky":false,"template":"","format":"standard","meta":{"_crdt_document":"","footnotes":""},"categories":[125],"tags":[],"class_list":["post-61601","post","type-post","status-publish","format-standard","has-post-thumbnail","hentry","category-ekonomi"],"_links":{"self":[{"href":"https:\/\/www.egemtv.com\/index.php?rest_route=\/wp\/v2\/posts\/61601","targetHints":{"allow":["GET"]}}],"collection":[{"href":"https:\/\/www.egemtv.com\/index.php?rest_route=\/wp\/v2\/posts"}],"about":[{"href":"https:\/\/www.egemtv.com\/index.php?rest_route=\/wp\/v2\/types\/post"}],"author":[{"embeddable":true,"href":"https:\/\/www.egemtv.com\/index.php?rest_route=\/wp\/v2\/users\/1"}],"replies":[{"embeddable":true,"href":"https:\/\/www.egemtv.com\/index.php?rest_route=%2Fwp%2Fv2%2Fcomments&post=61601"}],"version-history":[{"count":1,"href":"https:\/\/www.egemtv.com\/index.php?rest_route=\/wp\/v2\/posts\/61601\/revisions"}],"predecessor-version":[{"id":61603,"href":"https:\/\/www.egemtv.com\/index.php?rest_route=\/wp\/v2\/posts\/61601\/revisions\/61603"}],"wp:featuredmedia":[{"embeddable":true,"href":"https:\/\/www.egemtv.com\/index.php?rest_route=\/wp\/v2\/media\/61602"}],"wp:attachment":[{"href":"https:\/\/www.egemtv.com\/index.php?rest_route=%2Fwp%2Fv2%2Fmedia&parent=61601"}],"wp:term":[{"taxonomy":"category","embeddable":true,"href":"https:\/\/www.egemtv.com\/index.php?rest_route=%2Fwp%2Fv2%2Fcategories&post=61601"},{"taxonomy":"post_tag","embeddable":true,"href":"https:\/\/www.egemtv.com\/index.php?rest_route=%2Fwp%2Fv2%2Ftags&post=61601"}],"curies":[{"name":"wp","href":"https:\/\/api.w.org\/{rel}","templated":true}]}}