{"id":61598,"date":"2025-10-15T15:15:52","date_gmt":"2025-10-15T12:15:52","guid":{"rendered":"https:\/\/www.egemtv.com\/?p=61598"},"modified":"2025-10-15T15:16:00","modified_gmt":"2025-10-15T12:16:00","slug":"aliaga-belediyesinden-ureticiye-damizlik-koyun-destegi","status":"publish","type":"post","link":"https:\/\/www.egemtv.com\/?p=61598","title":{"rendered":"Alia\u011fa Belediyesinden \u00fcreticiye dam\u0131zl\u0131k koyun deste\u011fi"},"content":{"rendered":"<p>K\u00fc\u00e7\u00fckba\u015f hayvanc\u0131l\u0131\u011f\u0131n geli\u015ftirilmesi ve yerel \u00fcreticilerin ekonomik olarak desteklenmesi amac\u0131yla Alia\u011fa Belediyesi ile \u0130zmir \u0130l Tar\u0131m ve Orman M\u00fcd\u00fcrl\u00fc\u011f\u00fc i\u015f birli\u011finde hayata ge\u00e7irilen \u2018Dam\u0131zl\u0131k Koyun \u00dcretim Merkezi\u2019 projesinde ikinci etap da\u011f\u0131t\u0131mlar ba\u015fl\u0131yor.<br \/>\n<br \/>Alia\u011fa\u2019daki \u00fcreticilerin 15-19 Eyl\u00fcl tarihlerinde Alia\u011fa \u0130l\u00e7e Tar\u0131m ve Orman M\u00fcd\u00fcrl\u00fc\u011f\u00fcne yapt\u0131\u011f\u0131 ba\u015fvurular\u0131 do\u011frultusunda ger\u00e7ekle\u015ftirilecek da\u011f\u0131t\u0131m kapsam\u0131nda, hibeli koyun ve hibeli ko\u00e7lar 17 Ekim 2025 Cuma g\u00fcn\u00fc saat 15.00\u2019te, \u00c7oraklar Mahallesi\u2019nde bulunan Dam\u0131zl\u0131k Koyun \u00dcretim Merkezi\u2019nde sahiplerine teslim edilecek.<br \/>\n<br \/>Alia\u011fa Belediyesinin \u00fcreticiyi destekleme projeleri kapsam\u0131nda hayata ge\u00e7irdi\u011fi tesis, 41 bin 200 metrekarelik alanda, 2 bin 400 metrekare kapal\u0131 b\u00f6l\u00fcm\u00fcyle b\u00f6lge hayvanc\u0131l\u0131\u011f\u0131na \u00f6nemli katk\u0131 sa\u011fl\u0131yor. \u0130zmir \u0130l Tar\u0131m ve Orman M\u00fcd\u00fcrl\u00fc\u011f\u00fc i\u015f birli\u011fiyle y\u00fcr\u00fct\u00fclen proje, uzun vadede yaln\u0131zca Alia\u011fa\u2019n\u0131n de\u011fil, T\u00fcrkiye\u2019nin dam\u0131zl\u0131k koyun ihtiyac\u0131n\u0131 kar\u015f\u0131layabilecek kapasiteye ula\u015fmay\u0131 hedefliyor.<br \/>\n<br \/>Alia\u011fa Belediyesinin tar\u0131msal kalk\u0131nma ve yerel \u00fcreticiyi destekleme vizyonunun bir par\u00e7as\u0131 olan Dam\u0131zl\u0131k Koyun \u00dcretim Merkezi, k\u00fc\u00e7\u00fckba\u015f hayvan \u00fcretiminde verimlili\u011fi ve kaliteyi art\u0131rmay\u0131, b\u00f6lgedeki koyun \u0131rk\u0131n\u0131n \u0131slah\u0131na katk\u0131 sa\u011flamay\u0131 ve hayvanc\u0131l\u0131\u011f\u0131 te\u015fvik etmeyi ama\u00e7l\u0131yor.<br \/><\/p>\n","protected":false},"excerpt":{"rendered":"<p>K\u00fc\u00e7\u00fckba\u015f hayvanc\u0131l\u0131\u011f\u0131n geli\u015ftirilmesi ve yerel \u00fcreticilerin ekonomik olarak desteklenmesi amac\u0131yla Alia\u011fa Belediyesi ile \u0130zmir \u0130l Tar\u0131m ve Orman M\u00fcd\u00fcrl\u00fc\u011f\u00fc i\u015f birli\u011finde hayata ge\u00e7irilen \u2018Dam\u0131zl\u0131k Koyun \u00dcretim Merkezi\u2019 projesinde ikinci etap da\u011f\u0131t\u0131mlar ba\u015fl\u0131yor. Alia\u011fa\u2019daki \u00fcreticilerin 15-19 Eyl\u00fcl tarihlerinde Alia\u011fa \u0130l\u00e7e Tar\u0131m ve Orman M\u00fcd\u00fcrl\u00fc\u011f\u00fcne yapt\u0131\u011f\u0131 ba\u015fvurular\u0131 do\u011frultusunda ger\u00e7ekle\u015ftirilecek da\u011f\u0131t\u0131m kapsam\u0131nda, hibeli koyun ve hibeli ko\u00e7lar 17&#8230;<\/p>\n","protected":false},"author":1,"featured_media":61599,"comment_status":"open","ping_status":"open","sticky":false,"template":"","format":"standard","meta":{"_crdt_document":"","footnotes":""},"categories":[1],"tags":[],"class_list":["post-61598","post","type-post","status-publish","format-standard","has-post-thumbnail","hentry","category-guncel"],"_links":{"self":[{"href":"https:\/\/www.egemtv.com\/index.php?rest_route=\/wp\/v2\/posts\/61598","targetHints":{"allow":["GET"]}}],"collection":[{"href":"https:\/\/www.egemtv.com\/index.php?rest_route=\/wp\/v2\/posts"}],"about":[{"href":"https:\/\/www.egemtv.com\/index.php?rest_route=\/wp\/v2\/types\/post"}],"author":[{"embeddable":true,"href":"https:\/\/www.egemtv.com\/index.php?rest_route=\/wp\/v2\/users\/1"}],"replies":[{"embeddable":true,"href":"https:\/\/www.egemtv.com\/index.php?rest_route=%2Fwp%2Fv2%2Fcomments&post=61598"}],"version-history":[{"count":1,"href":"https:\/\/www.egemtv.com\/index.php?rest_route=\/wp\/v2\/posts\/61598\/revisions"}],"predecessor-version":[{"id":61600,"href":"https:\/\/www.egemtv.com\/index.php?rest_route=\/wp\/v2\/posts\/61598\/revisions\/61600"}],"wp:featuredmedia":[{"embeddable":true,"href":"https:\/\/www.egemtv.com\/index.php?rest_route=\/wp\/v2\/media\/61599"}],"wp:attachment":[{"href":"https:\/\/www.egemtv.com\/index.php?rest_route=%2Fwp%2Fv2%2Fmedia&parent=61598"}],"wp:term":[{"taxonomy":"category","embeddable":true,"href":"https:\/\/www.egemtv.com\/index.php?rest_route=%2Fwp%2Fv2%2Fcategories&post=61598"},{"taxonomy":"post_tag","embeddable":true,"href":"https:\/\/www.egemtv.com\/index.php?rest_route=%2Fwp%2Fv2%2Ftags&post=61598"}],"curies":[{"name":"wp","href":"https:\/\/api.w.org\/{rel}","templated":true}]}}