{"id":61595,"date":"2025-10-15T15:15:41","date_gmt":"2025-10-15T12:15:41","guid":{"rendered":"https:\/\/www.egemtv.com\/?p=61595"},"modified":"2025-10-15T15:15:47","modified_gmt":"2025-10-15T12:15:47","slug":"sularin-cekildigi-burdur-golu-icin-imar-uyarisi-deprem-yasandiginda-orada-yapilan-binalarin-ayakta-durmasi-mumkun-degil","status":"publish","type":"post","link":"https:\/\/www.egemtv.com\/?p=61595","title":{"rendered":"Sular\u0131n \u00e7ekildi\u011fi Burdur G\u00f6l\u00fc i\u00e7in imar uyar\u0131s\u0131: &#8220;Deprem ya\u015fand\u0131\u011f\u0131nda orada yap\u0131lan binalar\u0131n ayakta durmas\u0131 m\u00fcmk\u00fcn de\u011fil&#8221;"},"content":{"rendered":"<p>Jeoloji M\u00fchendisi Prof. Dr. Mahmut Mutlut\u00fcrk, Burdur G\u00f6l\u00fc\u2019nde sular\u0131n \u00e7ekildi\u011fi k\u0131s\u0131mlar\u0131n imara a\u00e7\u0131lmamas\u0131 gerekti\u011fini belirterek, g\u00f6l zeminlerinin yap\u0131la\u015fma i\u00e7in uygun olmad\u0131\u011f\u0131n\u0131 s\u00f6yledi.<br \/>\n<br \/>Burdur G\u00f6l\u00fc g\u00fcn ge\u00e7tik\u00e7e kurumaya devam ediyor. Sular\u0131n \u00e7ekildi\u011fi b\u00f6lgelerde yerle\u015fim yerlerinin olmamas\u0131 gerekti\u011fini ifade eden Jeoloji M\u00fchendisi Prof. Dr. Mahmut Mutlut\u00fcrk, &#8220;Hepimizin de bildi\u011fi gibi gerek b\u00fct\u00fcn d\u00fcnyada, gerekse \u00fclkemizde bir iklim krizinden bahsediliyor. Asl\u0131nda iklim krizini ya\u011f\u0131\u015flar\u0131n azalmas\u0131 ve artmas\u0131 olarak iki t\u00fcrl\u00fc de g\u00f6rebiliyoruz. Ancak ya\u015fad\u0131\u011f\u0131m\u0131z b\u00f6lgede hemen yan\u0131m\u0131zdaki Burdur G\u00f6l\u00fc\u2019nde her ge\u00e7en g\u00fcn g\u00f6l sular\u0131n\u0131n azald\u0131\u011f\u0131n\u0131 g\u00f6r\u00fcyoruz. \u00c7ok dikkat etmemiz gereken bir konu var. G\u00f6l\u00fcn \u00e7ekildi\u011fi alanlarda yap\u0131la\u015fma i\u00e7in hi\u00e7bir \u015fekilde talepkar olmamal\u0131y\u0131z. \u00c7\u00fcnk\u00fc g\u00f6l\u00fcn \u00e7ekildi\u011fi alandaki zeminler yap\u0131la\u015fma i\u00e7in uygun yerler de\u011fil. Bu konuda dikkatli olmam\u0131z laz\u0131m&#8221; \u015feklinde konu\u015ftu.<\/p>\n<p>&#8220;Burdur\u2019da deprem nerede olursa olsun g\u00f6l kenar\u0131nda binalar hasar g\u00f6recektir&#8221;<br \/>\n<br \/>B\u00f6lgede aktif bir fay\u0131n oldu\u011funu da hat\u0131rlatan Mutlut\u00fcrk, ya\u015fanabilecek bir depremde g\u00f6l zeminine yap\u0131lan yap\u0131lar\u0131n ayakta kalamayaca\u011f\u0131n\u0131 belirtti. Mutlut\u00fcrk, &#8220;Bu zeminlere binalar\u0131 \u00e7ok sa\u011flam bir \u015fekilde yapabilirsiniz ancak g\u00f6l\u00fcn hemen yan\u0131nda Fethiye-Burdur Fay Zonu dedi\u011fimiz aktif bir fay var. Bu fay \u00fczerinde belli periyotlarla b\u00fcy\u00fck depremler ya\u015fanabiliyor. Ge\u00e7mi\u015fte de ya\u015fand\u0131. Bu deprem ya\u015fand\u0131\u011f\u0131nda orada yap\u0131lan binalar\u0131n ayakta durmas\u0131 m\u00fcmk\u00fcn de\u011fil. \u00c7\u00fcnk\u00fc g\u00f6l zeminleri \u00f6zellikle deprem s\u0131ras\u0131nda gerek s\u0131v\u0131la\u015fmada, gerek oturmalarda, gerek benzeri m\u00fchendislik sorunlar\u0131nda \u00e7ok fazla zarar g\u00f6rebiliyor. O y\u00fczden dikkatli olmal\u0131y\u0131z. Do\u011fa ile ba\u015f edemezsiniz. Do\u011fa oraya g\u00f6l koymu\u015f ve orada g\u00f6l duracak. Bug\u00fcn i\u00e7in g\u00f6l sular\u0131 \u00e7ekiliyor ama belki y\u0131llar sonra biz g\u00f6le tekrardan kavu\u015fabilece\u011fiz. Tekrar kavu\u015ftu\u011fumuz zaman bu sefer de binalar i\u00e7in g\u00f6l\u00fc m\u00fc kurutaca\u011f\u0131z. G\u00f6le hi\u00e7 kar\u0131\u015fmadan ve kalan yerleri koruyarak devam edece\u011fiz. Burdur\u2019da deprem nerede olursa olsun g\u00f6l kenar\u0131nda binalar hasar g\u00f6recektir. G\u00f6l\u00fcn \u00fczerine yap\u0131lan yap\u0131lar mutlaka hasar g\u00f6recektir&#8221; diye konu\u015ftu.<br \/><\/p>\n","protected":false},"excerpt":{"rendered":"<p>Jeoloji M\u00fchendisi Prof. Dr. Mahmut Mutlut\u00fcrk, Burdur G\u00f6l\u00fc\u2019nde sular\u0131n \u00e7ekildi\u011fi k\u0131s\u0131mlar\u0131n imara a\u00e7\u0131lmamas\u0131 gerekti\u011fini belirterek, g\u00f6l zeminlerinin yap\u0131la\u015fma i\u00e7in uygun olmad\u0131\u011f\u0131n\u0131 s\u00f6yledi. Burdur G\u00f6l\u00fc g\u00fcn ge\u00e7tik\u00e7e kurumaya devam ediyor. Sular\u0131n \u00e7ekildi\u011fi b\u00f6lgelerde yerle\u015fim yerlerinin olmamas\u0131 gerekti\u011fini ifade eden Jeoloji M\u00fchendisi Prof. Dr. Mahmut Mutlut\u00fcrk, &#8220;Hepimizin de bildi\u011fi gibi gerek b\u00fct\u00fcn d\u00fcnyada, gerekse \u00fclkemizde bir iklim&#8230;<\/p>\n","protected":false},"author":1,"featured_media":61596,"comment_status":"open","ping_status":"open","sticky":false,"template":"","format":"standard","meta":{"_crdt_document":"","footnotes":""},"categories":[1],"tags":[],"class_list":["post-61595","post","type-post","status-publish","format-standard","has-post-thumbnail","hentry","category-guncel"],"_links":{"self":[{"href":"https:\/\/www.egemtv.com\/index.php?rest_route=\/wp\/v2\/posts\/61595","targetHints":{"allow":["GET"]}}],"collection":[{"href":"https:\/\/www.egemtv.com\/index.php?rest_route=\/wp\/v2\/posts"}],"about":[{"href":"https:\/\/www.egemtv.com\/index.php?rest_route=\/wp\/v2\/types\/post"}],"author":[{"embeddable":true,"href":"https:\/\/www.egemtv.com\/index.php?rest_route=\/wp\/v2\/users\/1"}],"replies":[{"embeddable":true,"href":"https:\/\/www.egemtv.com\/index.php?rest_route=%2Fwp%2Fv2%2Fcomments&post=61595"}],"version-history":[{"count":1,"href":"https:\/\/www.egemtv.com\/index.php?rest_route=\/wp\/v2\/posts\/61595\/revisions"}],"predecessor-version":[{"id":61597,"href":"https:\/\/www.egemtv.com\/index.php?rest_route=\/wp\/v2\/posts\/61595\/revisions\/61597"}],"wp:featuredmedia":[{"embeddable":true,"href":"https:\/\/www.egemtv.com\/index.php?rest_route=\/wp\/v2\/media\/61596"}],"wp:attachment":[{"href":"https:\/\/www.egemtv.com\/index.php?rest_route=%2Fwp%2Fv2%2Fmedia&parent=61595"}],"wp:term":[{"taxonomy":"category","embeddable":true,"href":"https:\/\/www.egemtv.com\/index.php?rest_route=%2Fwp%2Fv2%2Fcategories&post=61595"},{"taxonomy":"post_tag","embeddable":true,"href":"https:\/\/www.egemtv.com\/index.php?rest_route=%2Fwp%2Fv2%2Ftags&post=61595"}],"curies":[{"name":"wp","href":"https:\/\/api.w.org\/{rel}","templated":true}]}}