{"id":61523,"date":"2025-10-15T12:35:55","date_gmt":"2025-10-15T09:35:55","guid":{"rendered":"https:\/\/www.egemtv.com\/?p=61523"},"modified":"2025-10-15T12:36:13","modified_gmt":"2025-10-15T09:36:13","slug":"kahraman-anne","status":"publish","type":"post","link":"https:\/\/www.egemtv.com\/?p=61523","title":{"rendered":"Kahraman anne"},"content":{"rendered":"<p>K\u00fctahya\u2019daki yang\u0131nda bir anne ve iki \u00e7ocu\u011fu, balkona s\u0131\u011f\u0131narak alevlerden kurtuldu.<br \/>\n<br \/>Al\u0131nan bilgiye g\u00f6re, Ahmet Ali Yavuz\u2019a ait Okmeydan\u0131 Mahallesi Ye\u015filyurt Sokak 5 numaral\u0131 evin ikinci kat\u0131nda yang\u0131n \u00e7\u0131kt\u0131.<br \/>\n<br \/>Bu s\u0131rada anne Dilek Yavuz, 2 ayl\u0131k o\u011flunu ve 3 ya\u015f\u0131ndaki k\u0131z\u0131n\u0131 yan\u0131na alarak balkona s\u0131\u011f\u0131nd\u0131. \u00c7evredekilerden yard\u0131m isteyen anne, itfaiye ekipleri gelene kadar \u00e7ocuklar\u0131yla birlikte balkonda bekledi.<br \/>\n<br \/>Anne Dilek Yavuz\u2019un b\u00fcy\u00fck bir so\u011fukkanl\u0131l\u0131k ve cesaret \u00f6rne\u011fi g\u00f6stererek \u00e7ocuklar\u0131n\u0131 balkona \u00e7\u0131kar\u0131p kap\u0131y\u0131 kapatt\u0131\u011f\u0131, b\u00f6ylece dumandan etkilenmedikleri \u00f6\u011frenildi. Olay yerine gelen itfaiye ekipleri, anne ve \u00e7ocuklar\u0131 g\u00fcvenli bir \u015fekilde a\u015fa\u011f\u0131ya indirdi. Anne Dilek Yavuz, evlatlar\u0131na sar\u0131larak uzun s\u00fcre g\u00f6zya\u015f\u0131 d\u00f6kt\u00fc.<br \/>\n<br \/>\u0130tfaiye ekiplerinin m\u00fcdahalesiyle yang\u0131n k\u0131sa s\u00fcrede kontrol alt\u0131na al\u0131n\u0131rken evdeki e\u015fyalar\u0131n b\u00fcy\u00fck b\u00f6l\u00fcm\u00fc zarar g\u00f6rd\u00fc.<br \/>\n<br \/>Mahalle Muhtar\u0131 Ahmet \u00dcz\u00fcm, annenin g\u00f6sterdi\u011fi kahramanl\u0131k sayesinde can kayb\u0131 ya\u015fanmamas\u0131n\u0131n sevindirici oldu\u011funu belirterek, &#8220;Anne, \u00e7ocuklar\u0131n\u0131 ve kendisini dumanlardan kurtararak b\u00fcy\u00fck bir kahramanl\u0131k g\u00f6sterdi&#8221; dedi.<br \/>\n<br \/>Yang\u0131n\u0131n kesin \u00e7\u0131k\u0131\u015f nedeni ara\u015ft\u0131r\u0131l\u0131yor.<br \/><\/p>\n","protected":false},"excerpt":{"rendered":"<p>K\u00fctahya\u2019daki yang\u0131nda bir anne ve iki \u00e7ocu\u011fu, balkona s\u0131\u011f\u0131narak alevlerden kurtuldu. Al\u0131nan bilgiye g\u00f6re, Ahmet Ali Yavuz\u2019a ait Okmeydan\u0131 Mahallesi Ye\u015filyurt Sokak 5 numaral\u0131 evin ikinci kat\u0131nda yang\u0131n \u00e7\u0131kt\u0131. Bu s\u0131rada anne Dilek Yavuz, 2 ayl\u0131k o\u011flunu ve 3 ya\u015f\u0131ndaki k\u0131z\u0131n\u0131 yan\u0131na alarak balkona s\u0131\u011f\u0131nd\u0131. \u00c7evredekilerden yard\u0131m isteyen anne, itfaiye ekipleri gelene kadar \u00e7ocuklar\u0131yla birlikte&#8230;<\/p>\n","protected":false},"author":1,"featured_media":61524,"comment_status":"open","ping_status":"open","sticky":false,"template":"","format":"standard","meta":{"_crdt_document":"","footnotes":""},"categories":[5],"tags":[],"class_list":["post-61523","post","type-post","status-publish","format-standard","has-post-thumbnail","hentry","category-asayis"],"_links":{"self":[{"href":"https:\/\/www.egemtv.com\/index.php?rest_route=\/wp\/v2\/posts\/61523","targetHints":{"allow":["GET"]}}],"collection":[{"href":"https:\/\/www.egemtv.com\/index.php?rest_route=\/wp\/v2\/posts"}],"about":[{"href":"https:\/\/www.egemtv.com\/index.php?rest_route=\/wp\/v2\/types\/post"}],"author":[{"embeddable":true,"href":"https:\/\/www.egemtv.com\/index.php?rest_route=\/wp\/v2\/users\/1"}],"replies":[{"embeddable":true,"href":"https:\/\/www.egemtv.com\/index.php?rest_route=%2Fwp%2Fv2%2Fcomments&post=61523"}],"version-history":[{"count":1,"href":"https:\/\/www.egemtv.com\/index.php?rest_route=\/wp\/v2\/posts\/61523\/revisions"}],"predecessor-version":[{"id":61525,"href":"https:\/\/www.egemtv.com\/index.php?rest_route=\/wp\/v2\/posts\/61523\/revisions\/61525"}],"wp:featuredmedia":[{"embeddable":true,"href":"https:\/\/www.egemtv.com\/index.php?rest_route=\/wp\/v2\/media\/61524"}],"wp:attachment":[{"href":"https:\/\/www.egemtv.com\/index.php?rest_route=%2Fwp%2Fv2%2Fmedia&parent=61523"}],"wp:term":[{"taxonomy":"category","embeddable":true,"href":"https:\/\/www.egemtv.com\/index.php?rest_route=%2Fwp%2Fv2%2Fcategories&post=61523"},{"taxonomy":"post_tag","embeddable":true,"href":"https:\/\/www.egemtv.com\/index.php?rest_route=%2Fwp%2Fv2%2Ftags&post=61523"}],"curies":[{"name":"wp","href":"https:\/\/api.w.org\/{rel}","templated":true}]}}