{"id":61517,"date":"2025-10-15T12:35:27","date_gmt":"2025-10-15T09:35:27","guid":{"rendered":"https:\/\/www.egemtv.com\/?p=61517"},"modified":"2025-10-15T12:35:35","modified_gmt":"2025-10-15T09:35:35","slug":"buyuksehirin-sokede-es-zamanli-calismalari-suruyor","status":"publish","type":"post","link":"https:\/\/www.egemtv.com\/?p=61517","title":{"rendered":"B\u00fcy\u00fck\u015fehir\u2019in S\u00f6ke\u2019de e\u015f zamanl\u0131 \u00e7al\u0131\u015fmalar\u0131 s\u00fcr\u00fcyor"},"content":{"rendered":"<p>Ayd\u0131n B\u00fcy\u00fck\u015fehir Belediyesi, kent genelinde e\u015f zamanl\u0131 olarak s\u00fcrd\u00fcr\u00fclen yol yap\u0131m ve yenileme \u00e7al\u0131\u015fmalar\u0131na devam ediyor.<\/p>\n<p>Ayd\u0131n B\u00fcy\u00fck\u015fehir Belediyesi Fen \u0130\u015fleri Dairesi Ba\u015fkanl\u0131\u011f\u0131 Yol Yap\u0131m ve Bak\u0131m \u015eube M\u00fcd\u00fcrl\u00fc\u011f\u00fc ekipleri, S\u00f6ke il\u00e7esi 715. Cadde\u2019de y\u00fcr\u00fct\u00fclen \u00e7al\u0131\u015fmalar\u0131 tamamlad\u0131. Asfalt serimi, ya\u011fmur suyu \u0131zgaralar\u0131 ve kald\u0131r\u0131m imalatlar\u0131n\u0131n ard\u0131ndan logo ve yol \u00e7izgi \u00e7al\u0131\u015fmalar\u0131 da tamamlanan cadde, vatanda\u015flar\u0131n hizmetine sunuldu. Vatanda\u015flar, S\u00f6ke Organize Sanayi B\u00f6lgesi ile il\u00e7enin kent i\u00e7i trafi\u011fini rahatlatacak olan \u00e7al\u0131\u015fmalardan memnuniyet duyduklar\u0131n\u0131 belirterek Ayd\u0131n B\u00fcy\u00fck\u015fehir Belediye Ba\u015fkan\u0131 \u00d6zlem \u00c7er\u00e7io\u011flu\u2019na te\u015fekk\u00fcr etti. Ayd\u0131n\u2019\u0131n t\u00fcm il\u00e7elerinde \u00e7al\u0131\u015fmalar\u0131n devam etti\u011fini belirten Ba\u015fkan \u00c7er\u00e7io\u011flu, &#8220;Ayd\u0131n\u0131m\u0131z\u0131n her bir noktas\u0131nda e\u015f zamanl\u0131 olarak hayata ge\u00e7irdi\u011fimiz yol yap\u0131m ve yenileme \u00e7al\u0131\u015fmalar\u0131m\u0131za devam ediyoruz. Kentimiz alt ve \u00fcstyap\u0131s\u0131n\u0131 g\u00fc\u00e7lendirecek \u00e7al\u0131\u015fmalar\u0131m\u0131z\u0131 s\u00fcrd\u00fcrece\u011fiz&#8221; ifadelerini kulland\u0131.<br \/><\/p>\n","protected":false},"excerpt":{"rendered":"<p>Ayd\u0131n B\u00fcy\u00fck\u015fehir Belediyesi, kent genelinde e\u015f zamanl\u0131 olarak s\u00fcrd\u00fcr\u00fclen yol yap\u0131m ve yenileme \u00e7al\u0131\u015fmalar\u0131na devam ediyor. Ayd\u0131n B\u00fcy\u00fck\u015fehir Belediyesi Fen \u0130\u015fleri Dairesi Ba\u015fkanl\u0131\u011f\u0131 Yol Yap\u0131m ve Bak\u0131m \u015eube M\u00fcd\u00fcrl\u00fc\u011f\u00fc ekipleri, S\u00f6ke il\u00e7esi 715. Cadde\u2019de y\u00fcr\u00fct\u00fclen \u00e7al\u0131\u015fmalar\u0131 tamamlad\u0131. Asfalt serimi, ya\u011fmur suyu \u0131zgaralar\u0131 ve kald\u0131r\u0131m imalatlar\u0131n\u0131n ard\u0131ndan logo ve yol \u00e7izgi \u00e7al\u0131\u015fmalar\u0131 da tamamlanan cadde, vatanda\u015flar\u0131n&#8230;<\/p>\n","protected":false},"author":1,"featured_media":61518,"comment_status":"open","ping_status":"open","sticky":false,"template":"","format":"standard","meta":{"_crdt_document":"","footnotes":""},"categories":[1],"tags":[],"class_list":["post-61517","post","type-post","status-publish","format-standard","has-post-thumbnail","hentry","category-guncel"],"_links":{"self":[{"href":"https:\/\/www.egemtv.com\/index.php?rest_route=\/wp\/v2\/posts\/61517","targetHints":{"allow":["GET"]}}],"collection":[{"href":"https:\/\/www.egemtv.com\/index.php?rest_route=\/wp\/v2\/posts"}],"about":[{"href":"https:\/\/www.egemtv.com\/index.php?rest_route=\/wp\/v2\/types\/post"}],"author":[{"embeddable":true,"href":"https:\/\/www.egemtv.com\/index.php?rest_route=\/wp\/v2\/users\/1"}],"replies":[{"embeddable":true,"href":"https:\/\/www.egemtv.com\/index.php?rest_route=%2Fwp%2Fv2%2Fcomments&post=61517"}],"version-history":[{"count":1,"href":"https:\/\/www.egemtv.com\/index.php?rest_route=\/wp\/v2\/posts\/61517\/revisions"}],"predecessor-version":[{"id":61519,"href":"https:\/\/www.egemtv.com\/index.php?rest_route=\/wp\/v2\/posts\/61517\/revisions\/61519"}],"wp:featuredmedia":[{"embeddable":true,"href":"https:\/\/www.egemtv.com\/index.php?rest_route=\/wp\/v2\/media\/61518"}],"wp:attachment":[{"href":"https:\/\/www.egemtv.com\/index.php?rest_route=%2Fwp%2Fv2%2Fmedia&parent=61517"}],"wp:term":[{"taxonomy":"category","embeddable":true,"href":"https:\/\/www.egemtv.com\/index.php?rest_route=%2Fwp%2Fv2%2Fcategories&post=61517"},{"taxonomy":"post_tag","embeddable":true,"href":"https:\/\/www.egemtv.com\/index.php?rest_route=%2Fwp%2Fv2%2Ftags&post=61517"}],"curies":[{"name":"wp","href":"https:\/\/api.w.org\/{rel}","templated":true}]}}