{"id":61514,"date":"2025-10-15T12:15:12","date_gmt":"2025-10-15T09:15:12","guid":{"rendered":"https:\/\/www.egemtv.com\/?p=61514"},"modified":"2025-10-15T12:15:16","modified_gmt":"2025-10-15T09:15:16","slug":"aliaga-belediyesinin-2026-yili-butcesi-onaylandi","status":"publish","type":"post","link":"https:\/\/www.egemtv.com\/?p=61514","title":{"rendered":"Alia\u011fa Belediyesinin 2026 y\u0131l\u0131 b\u00fct\u00e7esi onayland\u0131"},"content":{"rendered":"<p>Alia\u011fa Belediyesi ekim ay\u0131 ola\u011fan meclisi, 2026 mali y\u0131l\u0131 b\u00fct\u00e7e tasar\u0131s\u0131n\u0131 g\u00f6r\u00fc\u015fmek \u00fczere ikinci birle\u015fim ile topland\u0131. Gelir-Gider denkli\u011fi sa\u011flanarak olu\u015fturulan 2026 y\u0131l\u0131 tahmini b\u00fct\u00e7esi 5 milyar 577 milyon TL olarak karara ba\u011fland\u0131.<br \/>\n<br \/>Alia\u011fa Belediyesi ekim ay\u0131 ikinci birle\u015fimi belediye meclis salonunda ger\u00e7ekle\u015ftirildi. Birle\u015fimde ilk oturumdaki oylamada plan b\u00fct\u00e7e komisyonuna havale edilen 2026 Mali Y\u0131l\u0131 Performans Program\u0131 ile 2026 Mali Y\u0131l\u0131 B\u00fct\u00e7e Tasar\u0131s\u0131 g\u00f6r\u00fc\u015f\u00fcld\u00fc. Alia\u011fa Belediyesinin 2026 y\u0131l\u0131 b\u00fct\u00e7esi 5 milyar 577 milyon TL olarak \u00f6ng\u00f6r\u00fclerek oy birli\u011fi ile kabul edildi.<br \/>\n<br \/>2026 Mali Y\u0131l\u0131 Fonksiyonel S\u0131n\u0131fland\u0131rman\u0131n m\u00fcd\u00fcrl\u00fck d\u00fczeyine g\u00f6re gider b\u00fct\u00e7esinde en y\u00fcksek b\u00fct\u00e7e 1 milyar 513 milyon 200 bin TL ile Fen \u0130\u015fleri M\u00fcd\u00fcrl\u00fc\u011f\u00fcne ayr\u0131ld\u0131. M\u00fcd\u00fcrl\u00fck d\u00fczeyinde gider b\u00fct\u00e7esi oylamas\u0131nda K\u00fclt\u00fcr Sosyal \u0130\u015fler M\u00fcd\u00fcrl\u00fc\u011f\u00fc, Bas\u0131n Yay\u0131n ve Halkla \u0130li\u015fkiler M\u00fcd\u00fcrl\u00fc\u011f\u00fc ve \u00d6zel Kalem M\u00fcd\u00fcrl\u00fc\u011f\u00fc b\u00fct\u00e7eleri oy \u00e7oklu\u011fu ile kabul edilirken 21 m\u00fcd\u00fcrl\u00fc\u011f\u00fcn b\u00fct\u00e7esi oy birli\u011fi ile kabul edildi.<br \/>\n<br \/>Alia\u011fa Belediyesi ekim ay\u0131 ikinci birle\u015fimi, toplant\u0131ya kat\u0131lmayan meclis \u00fcyesinin mazeretinin oylanmas\u0131, dilek ve temenniler ile devam etti. Toplant\u0131, bir sonraki meclisin 4 Kas\u0131m 2025 Sal\u0131 g\u00fcn\u00fc saat 18.00\u2019de toplanmas\u0131na karar verilmesiyle son buldu.<br \/><\/p>\n","protected":false},"excerpt":{"rendered":"<p>Alia\u011fa Belediyesi ekim ay\u0131 ola\u011fan meclisi, 2026 mali y\u0131l\u0131 b\u00fct\u00e7e tasar\u0131s\u0131n\u0131 g\u00f6r\u00fc\u015fmek \u00fczere ikinci birle\u015fim ile topland\u0131. Gelir-Gider denkli\u011fi sa\u011flanarak olu\u015fturulan 2026 y\u0131l\u0131 tahmini b\u00fct\u00e7esi 5 milyar 577 milyon TL olarak karara ba\u011fland\u0131. Alia\u011fa Belediyesi ekim ay\u0131 ikinci birle\u015fimi belediye meclis salonunda ger\u00e7ekle\u015ftirildi. Birle\u015fimde ilk oturumdaki oylamada plan b\u00fct\u00e7e komisyonuna havale edilen 2026 Mali Y\u0131l\u0131&#8230;<\/p>\n","protected":false},"author":1,"featured_media":61515,"comment_status":"open","ping_status":"open","sticky":false,"template":"","format":"standard","meta":{"_crdt_document":"","footnotes":""},"categories":[1],"tags":[],"class_list":["post-61514","post","type-post","status-publish","format-standard","has-post-thumbnail","hentry","category-guncel"],"_links":{"self":[{"href":"https:\/\/www.egemtv.com\/index.php?rest_route=\/wp\/v2\/posts\/61514","targetHints":{"allow":["GET"]}}],"collection":[{"href":"https:\/\/www.egemtv.com\/index.php?rest_route=\/wp\/v2\/posts"}],"about":[{"href":"https:\/\/www.egemtv.com\/index.php?rest_route=\/wp\/v2\/types\/post"}],"author":[{"embeddable":true,"href":"https:\/\/www.egemtv.com\/index.php?rest_route=\/wp\/v2\/users\/1"}],"replies":[{"embeddable":true,"href":"https:\/\/www.egemtv.com\/index.php?rest_route=%2Fwp%2Fv2%2Fcomments&post=61514"}],"version-history":[{"count":1,"href":"https:\/\/www.egemtv.com\/index.php?rest_route=\/wp\/v2\/posts\/61514\/revisions"}],"predecessor-version":[{"id":61516,"href":"https:\/\/www.egemtv.com\/index.php?rest_route=\/wp\/v2\/posts\/61514\/revisions\/61516"}],"wp:featuredmedia":[{"embeddable":true,"href":"https:\/\/www.egemtv.com\/index.php?rest_route=\/wp\/v2\/media\/61515"}],"wp:attachment":[{"href":"https:\/\/www.egemtv.com\/index.php?rest_route=%2Fwp%2Fv2%2Fmedia&parent=61514"}],"wp:term":[{"taxonomy":"category","embeddable":true,"href":"https:\/\/www.egemtv.com\/index.php?rest_route=%2Fwp%2Fv2%2Fcategories&post=61514"},{"taxonomy":"post_tag","embeddable":true,"href":"https:\/\/www.egemtv.com\/index.php?rest_route=%2Fwp%2Fv2%2Ftags&post=61514"}],"curies":[{"name":"wp","href":"https:\/\/api.w.org\/{rel}","templated":true}]}}