{"id":61511,"date":"2025-10-15T12:14:59","date_gmt":"2025-10-15T09:14:59","guid":{"rendered":"https:\/\/www.egemtv.com\/?p=61511"},"modified":"2025-10-15T12:15:08","modified_gmt":"2025-10-15T09:15:08","slug":"bolvadinde-okullarda-deprem-ve-tahliye-tatbikati","status":"publish","type":"post","link":"https:\/\/www.egemtv.com\/?p=61511","title":{"rendered":"Bolvadin\u2019de okullarda deprem ve tahliye tatbikat\u0131"},"content":{"rendered":"<p>Afyonkarahisar\u2019\u0131n Bolvadin il\u00e7esindeki ilk ve orta dereceli okullarda Afetler ve Dayan\u0131kl\u0131l\u0131k Ay\u0131 etkinlikleri \u00e7er\u00e7evesinde deprem ve tahliye tatbikatlar\u0131 yap\u0131ld\u0131.<br \/>\n<br \/>Ger\u00e7ekle\u015ftirilen tatbikatlar ilgili Bolvadin \u0130l\u00e7e Milli E\u011fitim M\u00fcd\u00fcrl\u00fc\u011f\u00fcnden yap\u0131lan yaz\u0131l\u0131 a\u00e7\u0131klamada, &#8220;\u00d6\u011frencilerimiz tatbikat \u00e7er\u00e7evesinde personel ve \u00f6\u011fretmenlerimizin rehberli\u011finde deprem ve di\u011fer afet an\u0131nda uygulamalar\u0131 gereken do\u011fru davran\u0131\u015flar\u0131 uygulamal\u0131 olarak tatbik ettiler. Alarmlar\u0131n \u00e7almas\u0131n\u0131n ard\u0131ndan \u00f6\u011frencilerimiz s\u0131ras\u0131yla &#8220;\u00c7\u00f6k-Kapan-Tutun&#8221; pozisyonunu alarak ard\u0131ndan g\u00fcvenli bir \u015fekilde s\u0131n\u0131flar\u0131n\u0131 tahliye ettiler ve okul bah\u00e7esindeki toplanma alanlar\u0131na ula\u015ft\u0131lar.<br \/>\n<br \/>Tatbikat sonras\u0131nda okul y\u00f6neticilerimiz g\u00fcvenli alanlara ula\u015fan \u00f6\u011frencilerimize aileleriyle birlikte evlerinde yapmalar\u0131 gereken afet haz\u0131rl\u0131k \u00e7al\u0131\u015fmalar\u0131 \u00fczerine tavsiyelerde bulunarak her zaman afetlere haz\u0131rl\u0131kl\u0131 olunmas\u0131n\u0131 istediler&#8221; ifadelerine yer verildi.<br \/><\/p>\n","protected":false},"excerpt":{"rendered":"<p>Afyonkarahisar\u2019\u0131n Bolvadin il\u00e7esindeki ilk ve orta dereceli okullarda Afetler ve Dayan\u0131kl\u0131l\u0131k Ay\u0131 etkinlikleri \u00e7er\u00e7evesinde deprem ve tahliye tatbikatlar\u0131 yap\u0131ld\u0131. Ger\u00e7ekle\u015ftirilen tatbikatlar ilgili Bolvadin \u0130l\u00e7e Milli E\u011fitim M\u00fcd\u00fcrl\u00fc\u011f\u00fcnden yap\u0131lan yaz\u0131l\u0131 a\u00e7\u0131klamada, &#8220;\u00d6\u011frencilerimiz tatbikat \u00e7er\u00e7evesinde personel ve \u00f6\u011fretmenlerimizin rehberli\u011finde deprem ve di\u011fer afet an\u0131nda uygulamalar\u0131 gereken do\u011fru davran\u0131\u015flar\u0131 uygulamal\u0131 olarak tatbik ettiler. Alarmlar\u0131n \u00e7almas\u0131n\u0131n ard\u0131ndan \u00f6\u011frencilerimiz s\u0131ras\u0131yla&#8230;<\/p>\n","protected":false},"author":1,"featured_media":61512,"comment_status":"open","ping_status":"open","sticky":false,"template":"","format":"standard","meta":{"_crdt_document":"","footnotes":""},"categories":[1],"tags":[],"class_list":["post-61511","post","type-post","status-publish","format-standard","has-post-thumbnail","hentry","category-guncel"],"_links":{"self":[{"href":"https:\/\/www.egemtv.com\/index.php?rest_route=\/wp\/v2\/posts\/61511","targetHints":{"allow":["GET"]}}],"collection":[{"href":"https:\/\/www.egemtv.com\/index.php?rest_route=\/wp\/v2\/posts"}],"about":[{"href":"https:\/\/www.egemtv.com\/index.php?rest_route=\/wp\/v2\/types\/post"}],"author":[{"embeddable":true,"href":"https:\/\/www.egemtv.com\/index.php?rest_route=\/wp\/v2\/users\/1"}],"replies":[{"embeddable":true,"href":"https:\/\/www.egemtv.com\/index.php?rest_route=%2Fwp%2Fv2%2Fcomments&post=61511"}],"version-history":[{"count":1,"href":"https:\/\/www.egemtv.com\/index.php?rest_route=\/wp\/v2\/posts\/61511\/revisions"}],"predecessor-version":[{"id":61513,"href":"https:\/\/www.egemtv.com\/index.php?rest_route=\/wp\/v2\/posts\/61511\/revisions\/61513"}],"wp:featuredmedia":[{"embeddable":true,"href":"https:\/\/www.egemtv.com\/index.php?rest_route=\/wp\/v2\/media\/61512"}],"wp:attachment":[{"href":"https:\/\/www.egemtv.com\/index.php?rest_route=%2Fwp%2Fv2%2Fmedia&parent=61511"}],"wp:term":[{"taxonomy":"category","embeddable":true,"href":"https:\/\/www.egemtv.com\/index.php?rest_route=%2Fwp%2Fv2%2Fcategories&post=61511"},{"taxonomy":"post_tag","embeddable":true,"href":"https:\/\/www.egemtv.com\/index.php?rest_route=%2Fwp%2Fv2%2Ftags&post=61511"}],"curies":[{"name":"wp","href":"https:\/\/api.w.org\/{rel}","templated":true}]}}