{"id":61508,"date":"2025-10-15T11:55:18","date_gmt":"2025-10-15T08:55:18","guid":{"rendered":"https:\/\/www.egemtv.com\/?p=61508"},"modified":"2025-10-15T11:55:21","modified_gmt":"2025-10-15T08:55:21","slug":"okul-bahcesinde-yangin-tatbikati-yapildi","status":"publish","type":"post","link":"https:\/\/www.egemtv.com\/?p=61508","title":{"rendered":"Okul bah\u00e7esinde yang\u0131n tatbikat\u0131 yap\u0131ld\u0131"},"content":{"rendered":"<p>Afyonkarahisar\u2019\u0131n \u015euhut il\u00e7esinde itfaiye ekipleri Anadolu Lisesi\u2019nde \u00f6\u011frencilerin bilin\u00e7lenmesi amac\u0131yla yang\u0131n tatbikat\u0131 d\u00fczenledi.<br \/>\n<br \/>Ger\u00e7ekle\u015ftirilen tatbikatta \u0130tfaiye personelleri yang\u0131n g\u00fcvenli\u011fi konusunda \u00f6\u011frencilere detayl\u0131 bilgiler verirken ya\u015fanabilecek yang\u0131n durumunda panik yapmadan nas\u0131l hareket edilmesi gerekti\u011fini de \u00f6rneklerle g\u00f6sterdi. Tatbikat\u0131n en dikkat \u00e7ekici b\u00f6l\u00fcmlerinden biri ise \u00f6\u011frencilerin bizzat yang\u0131n s\u00f6nd\u00fcrme t\u00fcpleriyle ate\u015fi s\u00f6nd\u00fcrme deneyimi ya\u015famas\u0131 oldu. \u00d6\u011frenciler, itfaiye ekiplerinin g\u00f6zetiminde yang\u0131n t\u00fcplerini kullanarak kontroll\u00fc bir \u015fekilde olu\u015fturulan ate\u015fi s\u00f6nd\u00fcrd\u00fcler. Bu sayede teorik bilgilerini uygulamal\u0131 \u015fekilde peki\u015ftirme f\u0131rsat\u0131 buldular.<br \/><\/p>\n","protected":false},"excerpt":{"rendered":"<p>Afyonkarahisar\u2019\u0131n \u015euhut il\u00e7esinde itfaiye ekipleri Anadolu Lisesi\u2019nde \u00f6\u011frencilerin bilin\u00e7lenmesi amac\u0131yla yang\u0131n tatbikat\u0131 d\u00fczenledi. Ger\u00e7ekle\u015ftirilen tatbikatta \u0130tfaiye personelleri yang\u0131n g\u00fcvenli\u011fi konusunda \u00f6\u011frencilere detayl\u0131 bilgiler verirken ya\u015fanabilecek yang\u0131n durumunda panik yapmadan nas\u0131l hareket edilmesi gerekti\u011fini de \u00f6rneklerle g\u00f6sterdi. Tatbikat\u0131n en dikkat \u00e7ekici b\u00f6l\u00fcmlerinden biri ise \u00f6\u011frencilerin bizzat yang\u0131n s\u00f6nd\u00fcrme t\u00fcpleriyle ate\u015fi s\u00f6nd\u00fcrme deneyimi ya\u015famas\u0131 oldu. \u00d6\u011frenciler, itfaiye&#8230;<\/p>\n","protected":false},"author":1,"featured_media":61509,"comment_status":"open","ping_status":"open","sticky":false,"template":"","format":"standard","meta":{"_crdt_document":"","footnotes":""},"categories":[1],"tags":[],"class_list":["post-61508","post","type-post","status-publish","format-standard","has-post-thumbnail","hentry","category-guncel"],"_links":{"self":[{"href":"https:\/\/www.egemtv.com\/index.php?rest_route=\/wp\/v2\/posts\/61508","targetHints":{"allow":["GET"]}}],"collection":[{"href":"https:\/\/www.egemtv.com\/index.php?rest_route=\/wp\/v2\/posts"}],"about":[{"href":"https:\/\/www.egemtv.com\/index.php?rest_route=\/wp\/v2\/types\/post"}],"author":[{"embeddable":true,"href":"https:\/\/www.egemtv.com\/index.php?rest_route=\/wp\/v2\/users\/1"}],"replies":[{"embeddable":true,"href":"https:\/\/www.egemtv.com\/index.php?rest_route=%2Fwp%2Fv2%2Fcomments&post=61508"}],"version-history":[{"count":1,"href":"https:\/\/www.egemtv.com\/index.php?rest_route=\/wp\/v2\/posts\/61508\/revisions"}],"predecessor-version":[{"id":61510,"href":"https:\/\/www.egemtv.com\/index.php?rest_route=\/wp\/v2\/posts\/61508\/revisions\/61510"}],"wp:featuredmedia":[{"embeddable":true,"href":"https:\/\/www.egemtv.com\/index.php?rest_route=\/wp\/v2\/media\/61509"}],"wp:attachment":[{"href":"https:\/\/www.egemtv.com\/index.php?rest_route=%2Fwp%2Fv2%2Fmedia&parent=61508"}],"wp:term":[{"taxonomy":"category","embeddable":true,"href":"https:\/\/www.egemtv.com\/index.php?rest_route=%2Fwp%2Fv2%2Fcategories&post=61508"},{"taxonomy":"post_tag","embeddable":true,"href":"https:\/\/www.egemtv.com\/index.php?rest_route=%2Fwp%2Fv2%2Ftags&post=61508"}],"curies":[{"name":"wp","href":"https:\/\/api.w.org\/{rel}","templated":true}]}}