{"id":61505,"date":"2025-10-15T11:55:08","date_gmt":"2025-10-15T08:55:08","guid":{"rendered":"https:\/\/www.egemtv.com\/?p=61505"},"modified":"2025-10-15T11:55:13","modified_gmt":"2025-10-15T08:55:13","slug":"yenipazarda-es-zamanli-calismalar-suruyor","status":"publish","type":"post","link":"https:\/\/www.egemtv.com\/?p=61505","title":{"rendered":"Yenipazar\u2019da e\u015f zamanl\u0131 \u00e7al\u0131\u015fmalar s\u00fcr\u00fcyor"},"content":{"rendered":"<p>Ayd\u0131n\u2019\u0131n Yenipazar il\u00e7esinde alt yap\u0131dan parklara, yol d\u00fczenlemelerinden sosyal tesislere kadar bir\u00e7ok noktada e\u015f zamanl\u0131 \u00e7al\u0131\u015fmalar s\u00fcrerken, Belediye Ba\u015fkan\u0131 Malik Ercan, &#8220;Her \u015fey Yenipazar i\u00e7in&#8221; dedi.<\/p>\n<p>Yenipazar Belediyesi, il\u00e7enin farkl\u0131 mahallelerinde e\u015f zamanl\u0131 olarak y\u00fcr\u00fctt\u00fc\u011f\u00fc alt yap\u0131, yol, park ve sosyal tesis \u00e7al\u0131\u015fmalar\u0131na h\u0131z kesmeden devam ediyor. Belediye Ba\u015fkan\u0131 Malik Ercan, &#8220;Her \u015fey Yenipazar i\u00e7in&#8221; diyerek \u00e7al\u0131\u015fmalar\u0131n kent genelinde planl\u0131 bir \u015fekilde s\u00fcrd\u00fc\u011f\u00fcn\u00fc vurgulad\u0131. Bu kapsamda Yeni Mahalle Yasemin Sokak\u2019ta ASK\u0130 ekipleri taraf\u0131ndan tamamlanan kanalizasyon alt yap\u0131 \u00e7al\u0131\u015fmalar\u0131n\u0131n ard\u0131ndan, belediye ekipleri parke ta\u015f\u0131 d\u00f6\u015feme \u00e7al\u0131\u015fmalar\u0131na ba\u015flad\u0131. Yeni ta\u015flarla birlikte yolun daha geni\u015f ve kullan\u0131\u015fl\u0131 hale gelmesi hedefleniyor. Donduran Mahallesi\u2019nde yol ve kald\u0131r\u0131m tamiratlar\u0131 s\u00fcrerken, Do\u011fu Mahallesi Cumhuriyet \u0130lk ve Ortaokulu yan\u0131ndaki parkta ot bi\u00e7imi ve temizlik \u00e7al\u0131\u015fmalar\u0131 devam ediyor. H\u00fck\u00fcmet Mahallesi\u2019nde cemiyet alan\u0131n\u0131n yan\u0131ndaki parkta parke ta\u015f\u0131 d\u00f6\u015femesi ve \u00e7evre d\u00fczenleme \u00e7al\u0131\u015fmalar\u0131 y\u00fcr\u00fct\u00fcl\u00fcrken, \u00c7ar\u015f\u0131 Mahallesi Villalar B\u00f6lgesi\u2019nde hal\u0131 saha ve sosyal tesis in\u015faat\u0131n\u0131n da aral\u0131ks\u0131z s\u00fcrd\u00fc\u011f\u00fc ifade edildi.<\/p>\n<p>Ba\u015fkan Malik Ercan, il\u00e7ede y\u00fcr\u00fct\u00fclen \u00e7al\u0131\u015fmalarla ilgili yapt\u0131\u011f\u0131 a\u00e7\u0131klamada, &#8220;Vatanda\u015flar\u0131m\u0131z\u0131n daha konforlu, d\u00fczenli ve ya\u015fanabilir bir Yenipazar\u2019da ya\u015famalar\u0131 i\u00e7in ekiplerimiz gece g\u00fcnd\u00fcz sahada. Her \u015fey Yenipazar i\u00e7in \u00e7al\u0131\u015f\u0131yoruz&#8221; dedi.<br \/><\/p>\n","protected":false},"excerpt":{"rendered":"<p>Ayd\u0131n\u2019\u0131n Yenipazar il\u00e7esinde alt yap\u0131dan parklara, yol d\u00fczenlemelerinden sosyal tesislere kadar bir\u00e7ok noktada e\u015f zamanl\u0131 \u00e7al\u0131\u015fmalar s\u00fcrerken, Belediye Ba\u015fkan\u0131 Malik Ercan, &#8220;Her \u015fey Yenipazar i\u00e7in&#8221; dedi. Yenipazar Belediyesi, il\u00e7enin farkl\u0131 mahallelerinde e\u015f zamanl\u0131 olarak y\u00fcr\u00fctt\u00fc\u011f\u00fc alt yap\u0131, yol, park ve sosyal tesis \u00e7al\u0131\u015fmalar\u0131na h\u0131z kesmeden devam ediyor. Belediye Ba\u015fkan\u0131 Malik Ercan, &#8220;Her \u015fey Yenipazar i\u00e7in&#8221;&#8230;<\/p>\n","protected":false},"author":1,"featured_media":61506,"comment_status":"open","ping_status":"open","sticky":false,"template":"","format":"standard","meta":{"_crdt_document":"","footnotes":""},"categories":[1],"tags":[],"class_list":["post-61505","post","type-post","status-publish","format-standard","has-post-thumbnail","hentry","category-guncel"],"_links":{"self":[{"href":"https:\/\/www.egemtv.com\/index.php?rest_route=\/wp\/v2\/posts\/61505","targetHints":{"allow":["GET"]}}],"collection":[{"href":"https:\/\/www.egemtv.com\/index.php?rest_route=\/wp\/v2\/posts"}],"about":[{"href":"https:\/\/www.egemtv.com\/index.php?rest_route=\/wp\/v2\/types\/post"}],"author":[{"embeddable":true,"href":"https:\/\/www.egemtv.com\/index.php?rest_route=\/wp\/v2\/users\/1"}],"replies":[{"embeddable":true,"href":"https:\/\/www.egemtv.com\/index.php?rest_route=%2Fwp%2Fv2%2Fcomments&post=61505"}],"version-history":[{"count":1,"href":"https:\/\/www.egemtv.com\/index.php?rest_route=\/wp\/v2\/posts\/61505\/revisions"}],"predecessor-version":[{"id":61507,"href":"https:\/\/www.egemtv.com\/index.php?rest_route=\/wp\/v2\/posts\/61505\/revisions\/61507"}],"wp:featuredmedia":[{"embeddable":true,"href":"https:\/\/www.egemtv.com\/index.php?rest_route=\/wp\/v2\/media\/61506"}],"wp:attachment":[{"href":"https:\/\/www.egemtv.com\/index.php?rest_route=%2Fwp%2Fv2%2Fmedia&parent=61505"}],"wp:term":[{"taxonomy":"category","embeddable":true,"href":"https:\/\/www.egemtv.com\/index.php?rest_route=%2Fwp%2Fv2%2Fcategories&post=61505"},{"taxonomy":"post_tag","embeddable":true,"href":"https:\/\/www.egemtv.com\/index.php?rest_route=%2Fwp%2Fv2%2Ftags&post=61505"}],"curies":[{"name":"wp","href":"https:\/\/api.w.org\/{rel}","templated":true}]}}