{"id":61502,"date":"2025-10-15T11:35:19","date_gmt":"2025-10-15T08:35:19","guid":{"rendered":"https:\/\/www.egemtv.com\/?p=61502"},"modified":"2025-10-15T11:35:23","modified_gmt":"2025-10-15T08:35:23","slug":"mentesede-zincirleme-trafik-kazasi","status":"publish","type":"post","link":"https:\/\/www.egemtv.com\/?p=61502","title":{"rendered":"Mente\u015fe\u2019de zincirleme trafik kazas\u0131"},"content":{"rendered":"<p>Mu\u011fla\u2019n\u0131n Mente\u015fe il\u00e7esi Adliye Kav\u015fa\u011f\u0131\u2019nda sabah saatlerinde zincirleme trafik kazas\u0131 meydana geldi.<\/p>\n<p>Edinilen bilgiye g\u00f6re, 48 NF 890 plakal\u0131 otomobil, 48 ANE 695 plakal\u0131 \u015fehir i\u00e7i otob\u00fcs\u00fc ve Bodrum\u2019a giden 48 HO 9050 plakal\u0131 yolcu otob\u00fcs\u00fc kazaya kar\u0131\u015ft\u0131. \u0130hbar \u00fczerine olay yerine polis ekipleri sevk edildi. Kazada yaralanan olmazken, ara\u00e7larda maddi hasar meydana geldi. Trafik ekipleri kav\u015fakta g\u00fcvenli\u011fi sa\u011flarken, yolcular otob\u00fcslerden indirildi ve g\u00fcvenli bir alana y\u00f6nlendirildi. Kazaya kar\u0131\u015fan ara\u00e7lar\u0131n \u00e7ekilmesinin ard\u0131ndan trafik ak\u0131\u015f\u0131 k\u0131sa s\u00fcrede normale d\u00f6nd\u00fc.<\/p>\n<p>Kazayla ilgili inceleme s\u00fcr\u00fcyor.<br \/><\/p>\n","protected":false},"excerpt":{"rendered":"<p>Mu\u011fla\u2019n\u0131n Mente\u015fe il\u00e7esi Adliye Kav\u015fa\u011f\u0131\u2019nda sabah saatlerinde zincirleme trafik kazas\u0131 meydana geldi. Edinilen bilgiye g\u00f6re, 48 NF 890 plakal\u0131 otomobil, 48 ANE 695 plakal\u0131 \u015fehir i\u00e7i otob\u00fcs\u00fc ve Bodrum\u2019a giden 48 HO 9050 plakal\u0131 yolcu otob\u00fcs\u00fc kazaya kar\u0131\u015ft\u0131. \u0130hbar \u00fczerine olay yerine polis ekipleri sevk edildi. Kazada yaralanan olmazken, ara\u00e7larda maddi hasar meydana geldi. Trafik&#8230;<\/p>\n","protected":false},"author":1,"featured_media":61503,"comment_status":"open","ping_status":"open","sticky":false,"template":"","format":"standard","meta":{"_crdt_document":"","footnotes":""},"categories":[5],"tags":[],"class_list":["post-61502","post","type-post","status-publish","format-standard","has-post-thumbnail","hentry","category-asayis"],"_links":{"self":[{"href":"https:\/\/www.egemtv.com\/index.php?rest_route=\/wp\/v2\/posts\/61502","targetHints":{"allow":["GET"]}}],"collection":[{"href":"https:\/\/www.egemtv.com\/index.php?rest_route=\/wp\/v2\/posts"}],"about":[{"href":"https:\/\/www.egemtv.com\/index.php?rest_route=\/wp\/v2\/types\/post"}],"author":[{"embeddable":true,"href":"https:\/\/www.egemtv.com\/index.php?rest_route=\/wp\/v2\/users\/1"}],"replies":[{"embeddable":true,"href":"https:\/\/www.egemtv.com\/index.php?rest_route=%2Fwp%2Fv2%2Fcomments&post=61502"}],"version-history":[{"count":1,"href":"https:\/\/www.egemtv.com\/index.php?rest_route=\/wp\/v2\/posts\/61502\/revisions"}],"predecessor-version":[{"id":61504,"href":"https:\/\/www.egemtv.com\/index.php?rest_route=\/wp\/v2\/posts\/61502\/revisions\/61504"}],"wp:featuredmedia":[{"embeddable":true,"href":"https:\/\/www.egemtv.com\/index.php?rest_route=\/wp\/v2\/media\/61503"}],"wp:attachment":[{"href":"https:\/\/www.egemtv.com\/index.php?rest_route=%2Fwp%2Fv2%2Fmedia&parent=61502"}],"wp:term":[{"taxonomy":"category","embeddable":true,"href":"https:\/\/www.egemtv.com\/index.php?rest_route=%2Fwp%2Fv2%2Fcategories&post=61502"},{"taxonomy":"post_tag","embeddable":true,"href":"https:\/\/www.egemtv.com\/index.php?rest_route=%2Fwp%2Fv2%2Ftags&post=61502"}],"curies":[{"name":"wp","href":"https:\/\/api.w.org\/{rel}","templated":true}]}}