{"id":61493,"date":"2025-10-15T10:55:34","date_gmt":"2025-10-15T07:55:34","guid":{"rendered":"https:\/\/www.egemtv.com\/?p=61493"},"modified":"2025-10-15T10:55:35","modified_gmt":"2025-10-15T07:55:35","slug":"osmanli-mimarisinin-izlerini-tasiyan-caminin-yuzde-80ni-tamamlandi","status":"publish","type":"post","link":"https:\/\/www.egemtv.com\/?p=61493","title":{"rendered":"Osmanl\u0131 mimarisinin izlerini ta\u015f\u0131yan caminin y\u00fczde 80\u2019ni tamamland\u0131"},"content":{"rendered":"<p>Denizli\u2019de Beya\u011fa\u00e7 Belediye Ba\u015fkan\u0131 Sezayi P\u00fct\u00fcn\u2019\u00fcn \u00f6nc\u00fcl\u00fc\u011f\u00fcnde hay\u0131rseverlerin destekleriyle yap\u0131m\u0131 y\u00fczde 80 tamamlanan yeni \u00c7ar\u015f\u0131 Camii, Osmanl\u0131 mimarisinden ilham al\u0131narak in\u015fa ediliyor.<\/p>\n<p>Denizli\u2019nin Beya\u011fa\u00e7 il\u00e7esinde Belediye Ba\u015fkan\u0131 Sezayi P\u00fct\u00fcn\u2019\u00fcn \u00f6nc\u00fcl\u00fc\u011f\u00fcnde hay\u0131rseverlerin katk\u0131lar\u0131yla y\u00fckselen yeni \u00c7ar\u015f\u0131 Camisi, hem mimarisiyle hem de halk\u0131n katk\u0131s\u0131yla dikkat \u00e7ekiyor. Eski cami binas\u0131n\u0131n y\u0131k\u0131lmas\u0131n\u0131n ard\u0131ndan d\u00f6rt y\u0131l \u00f6nce ba\u015flanan in\u015faat, \u015fu an y\u00fczde 80 seviyesine ula\u015ft\u0131. Cami projesi, Osmanl\u0131 d\u00f6neminin \u00f6nemli yap\u0131lar\u0131ndan biri olan H\u0131rka Camii\u2019nden esinlenilerek haz\u0131rland\u0131. \u00c7ar\u015f\u0131 Camii Yapt\u0131rma ve Ya\u015fatma Derne\u011fi Ba\u015fkan\u0131 ve ayn\u0131 zamanda in\u015faat m\u00fchendisi olan \u0130brahim G\u00fcrkaynak, caminin geldi\u011fi son a\u015famay\u0131 kamuoyuyla payla\u015ft\u0131. G\u00fcrkaynak, &#8220;Subasman seviyesinden ba\u015flad\u0131k, bug\u00fcn nakka\u015f ve \u00e7ini i\u015f\u00e7ilikleri dahil olmak \u00fczere camimizin b\u00fcy\u00fck b\u00f6l\u00fcm\u00fcn\u00fc tamamlad\u0131k. Kalan i\u015fler net ve tamamlanmas\u0131 kolay imalatlar. Hal\u0131 d\u00f6\u015femeleri, yer kaplamalar\u0131 ve d\u0131\u015f cephe i\u015fleri kald\u0131. Bunlar in\u015faat maliyetinin y\u00fczde 20\u2019sine denk geliyor&#8221; dedi.<\/p>\n<p>&#8220;K\u0131sa s\u00fcrede bitirebiliriz ama kaynak halktan&#8221;<br \/>\n<br \/>\u0130n\u015faat s\u00fcrecinin h\u0131zla tamamlanabilece\u011fini ancak t\u00fcm finansman\u0131n halk deste\u011fiyle kar\u015f\u0131land\u0131\u011f\u0131n\u0131 vurgulayan G\u00fcrkaynak, &#8220;Devlet kayna\u011f\u0131 yok. Diyanet\u2019ten ve halk\u0131m\u0131zdan toplad\u0131\u011f\u0131m\u0131z ba\u011f\u0131\u015flarla ilerliyoruz. E\u011fer yeterli deste\u011fi alabilirsek, Ramazan Bayram\u0131\u2019nda camimizi ibadete a\u00e7may\u0131 hedefliyoruz. Bu da halk\u0131m\u0131z\u0131n deste\u011fiyle m\u00fcmk\u00fcn olacak. E\u011fer iklim \u015fartlar\u0131 izin verirse, bu Ramazan ay\u0131nda camimizde teravih namazlar\u0131n\u0131 k\u0131lmay\u0131 \u00e7ok istiyoruz. Caminin oturdu\u011fu arsa alan\u0131 yakla\u015f\u0131k bin metrekare, yap\u0131 ise 500 metrekarelik bir alana in\u015fa edildi. \u00c7ekme katla birlikte kullan\u0131m alan\u0131 650 metrekareyi buluyor Elimizden gelen gayreti g\u00f6steriyoruz&#8221; \u015feklinde konu\u015ftu.<\/p>\n<p>650 metrekarelik alanda 800 ki\u015filik kapasite<br \/>\n<br \/>G\u00fcrkaynak, caminin ibadet kapasitesiyle ilgili olarak, &#8220;700-800 ki\u015fi ayn\u0131 anda namaz k\u0131labilecek. Ayr\u0131ca yan k\u0131s\u0131mlarda da ihtiya\u00e7 halinde kullan\u0131labilecek alanlar\u0131m\u0131z mevcut. Bu cami, hem mimari olarak hem de toplumsal dayan\u0131\u015fma a\u00e7\u0131s\u0131ndan \u00e7ok anlaml\u0131 bir eser olacak. Belediyemiz, derne\u011fimiz ve vatanda\u015flar\u0131m\u0131z\u0131n destekleriyle \u00e7ok k\u0131sa s\u00fcrede buraya kadar geldik. Halk\u0131m\u0131zdan dualar\u0131n\u0131 ve desteklerini bekliyoruz&#8221; diye konu\u015ftu.<br \/><\/p>\n","protected":false},"excerpt":{"rendered":"<p>Denizli\u2019de Beya\u011fa\u00e7 Belediye Ba\u015fkan\u0131 Sezayi P\u00fct\u00fcn\u2019\u00fcn \u00f6nc\u00fcl\u00fc\u011f\u00fcnde hay\u0131rseverlerin destekleriyle yap\u0131m\u0131 y\u00fczde 80 tamamlanan yeni \u00c7ar\u015f\u0131 Camii, Osmanl\u0131 mimarisinden ilham al\u0131narak in\u015fa ediliyor. Denizli\u2019nin Beya\u011fa\u00e7 il\u00e7esinde Belediye Ba\u015fkan\u0131 Sezayi P\u00fct\u00fcn\u2019\u00fcn \u00f6nc\u00fcl\u00fc\u011f\u00fcnde hay\u0131rseverlerin katk\u0131lar\u0131yla y\u00fckselen yeni \u00c7ar\u015f\u0131 Camisi, hem mimarisiyle hem de halk\u0131n katk\u0131s\u0131yla dikkat \u00e7ekiyor. Eski cami binas\u0131n\u0131n y\u0131k\u0131lmas\u0131n\u0131n ard\u0131ndan d\u00f6rt y\u0131l \u00f6nce ba\u015flanan in\u015faat, \u015fu&#8230;<\/p>\n","protected":false},"author":1,"featured_media":61494,"comment_status":"open","ping_status":"open","sticky":false,"template":"","format":"standard","meta":{"_crdt_document":"","footnotes":""},"categories":[1],"tags":[],"class_list":["post-61493","post","type-post","status-publish","format-standard","has-post-thumbnail","hentry","category-guncel"],"_links":{"self":[{"href":"https:\/\/www.egemtv.com\/index.php?rest_route=\/wp\/v2\/posts\/61493","targetHints":{"allow":["GET"]}}],"collection":[{"href":"https:\/\/www.egemtv.com\/index.php?rest_route=\/wp\/v2\/posts"}],"about":[{"href":"https:\/\/www.egemtv.com\/index.php?rest_route=\/wp\/v2\/types\/post"}],"author":[{"embeddable":true,"href":"https:\/\/www.egemtv.com\/index.php?rest_route=\/wp\/v2\/users\/1"}],"replies":[{"embeddable":true,"href":"https:\/\/www.egemtv.com\/index.php?rest_route=%2Fwp%2Fv2%2Fcomments&post=61493"}],"version-history":[{"count":1,"href":"https:\/\/www.egemtv.com\/index.php?rest_route=\/wp\/v2\/posts\/61493\/revisions"}],"predecessor-version":[{"id":61495,"href":"https:\/\/www.egemtv.com\/index.php?rest_route=\/wp\/v2\/posts\/61493\/revisions\/61495"}],"wp:featuredmedia":[{"embeddable":true,"href":"https:\/\/www.egemtv.com\/index.php?rest_route=\/wp\/v2\/media\/61494"}],"wp:attachment":[{"href":"https:\/\/www.egemtv.com\/index.php?rest_route=%2Fwp%2Fv2%2Fmedia&parent=61493"}],"wp:term":[{"taxonomy":"category","embeddable":true,"href":"https:\/\/www.egemtv.com\/index.php?rest_route=%2Fwp%2Fv2%2Fcategories&post=61493"},{"taxonomy":"post_tag","embeddable":true,"href":"https:\/\/www.egemtv.com\/index.php?rest_route=%2Fwp%2Fv2%2Ftags&post=61493"}],"curies":[{"name":"wp","href":"https:\/\/api.w.org\/{rel}","templated":true}]}}