{"id":61487,"date":"2025-10-15T10:34:51","date_gmt":"2025-10-15T07:34:51","guid":{"rendered":"https:\/\/www.egemtv.com\/?p=61487"},"modified":"2025-10-15T10:34:55","modified_gmt":"2025-10-15T07:34:55","slug":"aydinda-sakiz-agaci-uretimi-yayginlastirilacak","status":"publish","type":"post","link":"https:\/\/www.egemtv.com\/?p=61487","title":{"rendered":"Ayd\u0131n\u2019da sak\u0131z a\u011fac\u0131 \u00fcretimi yayg\u0131nla\u015ft\u0131r\u0131lacak"},"content":{"rendered":"<p>Ayd\u0131n\u2019\u0131n Didim ve Ku\u015fadas\u0131 il\u00e7elerindeki \u00fcreticilerin kat\u0131l\u0131m\u0131yla ger\u00e7ekle\u015ftirilen teknik gezide, sak\u0131z a\u011fac\u0131n\u0131n yeti\u015ftiricili\u011fi, \u00e7o\u011faltma y\u00f6ntemleri ve \u00fcr\u00fcn elde etme s\u00fcre\u00e7leri uygulamal\u0131 olarak anlat\u0131ld\u0131.<br \/>\n<br \/>Ayd\u0131n Valili\u011fi Yat\u0131r\u0131m \u0130zleme ve Koordinasyon Ba\u015fkanl\u0131\u011f\u0131 deste\u011fiyle y\u00fcr\u00fct\u00fclen &#8220;Sak\u0131z A\u011fac\u0131 \u00dcretiminin Yayg\u0131nla\u015ft\u0131r\u0131lmas\u0131 Projesi&#8221; kapsam\u0131nda, Didim ve Ku\u015fadas\u0131 il\u00e7elerinden \u00fcreticiler ile teknik personelin kat\u0131l\u0131m\u0131yla \u0130zmir\u2019in \u00c7e\u015fme il\u00e7esine teknik gezi d\u00fczenlendi. Ger\u00e7ekle\u015ftirilen geziye, \u0130l Tar\u0131m ve Orman M\u00fcd\u00fcrl\u00fc\u011f\u00fc Bitkisel \u00dcretim ve Bitki Sa\u011fl\u0131\u011f\u0131 \u015eube M\u00fcd\u00fcr\u00fc Arma\u011fan Tanr\u0131kulu ba\u015fkanl\u0131k etti. Kat\u0131l\u0131mc\u0131lar, \u00c7e\u015fme Tar\u0131m ve Orman \u0130l\u00e7e M\u00fcd\u00fcr\u00fc Ahmet Ke\u00e7eci rehberli\u011finde \u00c7e\u015fme \u0130l\u00e7e Meteoroloji M\u00fcd\u00fcrl\u00fc\u011f\u00fc bah\u00e7esinde kurulan gen bankas\u0131n\u0131, \u00fcretici bah\u00e7elerini ve uygulama alanlar\u0131n\u0131 ziyaret etti. Ziyarette, sak\u0131z a\u011fac\u0131n\u0131n yeti\u015ftirme \u015fartlar\u0131, \u00e7o\u011faltma y\u00f6ntemleri, \u00fcr\u00fcn elde etme ve pazarlama s\u00fcre\u00e7leri hakk\u0131nda bilgi payla\u015f\u0131m\u0131 yap\u0131ld\u0131. Ayr\u0131ca uygulamal\u0131 olarak havai k\u00f6klendirme y\u00f6ntemi, bak\u0131m ve \u00e7izikleme y\u00f6ntemiyle sak\u0131z elde edilmesi konular\u0131nda e\u011fitim verildi. \u00dcreticiler, gezide elde ettikleri deneyimler sayesinde sak\u0131z a\u011fac\u0131n\u0131n yeti\u015ftiricili\u011fi ve \u00fcr\u00fcn i\u015fleme s\u00fcre\u00e7lerine dair kapsaml\u0131 bilgi edinirken, teknik gezinin son derece verimli ge\u00e7ti\u011fini ifade etti.<br \/><\/p>\n","protected":false},"excerpt":{"rendered":"<p>Ayd\u0131n\u2019\u0131n Didim ve Ku\u015fadas\u0131 il\u00e7elerindeki \u00fcreticilerin kat\u0131l\u0131m\u0131yla ger\u00e7ekle\u015ftirilen teknik gezide, sak\u0131z a\u011fac\u0131n\u0131n yeti\u015ftiricili\u011fi, \u00e7o\u011faltma y\u00f6ntemleri ve \u00fcr\u00fcn elde etme s\u00fcre\u00e7leri uygulamal\u0131 olarak anlat\u0131ld\u0131. Ayd\u0131n Valili\u011fi Yat\u0131r\u0131m \u0130zleme ve Koordinasyon Ba\u015fkanl\u0131\u011f\u0131 deste\u011fiyle y\u00fcr\u00fct\u00fclen &#8220;Sak\u0131z A\u011fac\u0131 \u00dcretiminin Yayg\u0131nla\u015ft\u0131r\u0131lmas\u0131 Projesi&#8221; kapsam\u0131nda, Didim ve Ku\u015fadas\u0131 il\u00e7elerinden \u00fcreticiler ile teknik personelin kat\u0131l\u0131m\u0131yla \u0130zmir\u2019in \u00c7e\u015fme il\u00e7esine teknik gezi d\u00fczenlendi. Ger\u00e7ekle\u015ftirilen geziye,&#8230;<\/p>\n","protected":false},"author":1,"featured_media":61488,"comment_status":"open","ping_status":"open","sticky":false,"template":"","format":"standard","meta":{"_crdt_document":"","footnotes":""},"categories":[1],"tags":[],"class_list":["post-61487","post","type-post","status-publish","format-standard","has-post-thumbnail","hentry","category-guncel"],"_links":{"self":[{"href":"https:\/\/www.egemtv.com\/index.php?rest_route=\/wp\/v2\/posts\/61487","targetHints":{"allow":["GET"]}}],"collection":[{"href":"https:\/\/www.egemtv.com\/index.php?rest_route=\/wp\/v2\/posts"}],"about":[{"href":"https:\/\/www.egemtv.com\/index.php?rest_route=\/wp\/v2\/types\/post"}],"author":[{"embeddable":true,"href":"https:\/\/www.egemtv.com\/index.php?rest_route=\/wp\/v2\/users\/1"}],"replies":[{"embeddable":true,"href":"https:\/\/www.egemtv.com\/index.php?rest_route=%2Fwp%2Fv2%2Fcomments&post=61487"}],"version-history":[{"count":1,"href":"https:\/\/www.egemtv.com\/index.php?rest_route=\/wp\/v2\/posts\/61487\/revisions"}],"predecessor-version":[{"id":61489,"href":"https:\/\/www.egemtv.com\/index.php?rest_route=\/wp\/v2\/posts\/61487\/revisions\/61489"}],"wp:featuredmedia":[{"embeddable":true,"href":"https:\/\/www.egemtv.com\/index.php?rest_route=\/wp\/v2\/media\/61488"}],"wp:attachment":[{"href":"https:\/\/www.egemtv.com\/index.php?rest_route=%2Fwp%2Fv2%2Fmedia&parent=61487"}],"wp:term":[{"taxonomy":"category","embeddable":true,"href":"https:\/\/www.egemtv.com\/index.php?rest_route=%2Fwp%2Fv2%2Fcategories&post=61487"},{"taxonomy":"post_tag","embeddable":true,"href":"https:\/\/www.egemtv.com\/index.php?rest_route=%2Fwp%2Fv2%2Ftags&post=61487"}],"curies":[{"name":"wp","href":"https:\/\/api.w.org\/{rel}","templated":true}]}}