{"id":61484,"date":"2025-10-15T10:15:05","date_gmt":"2025-10-15T07:15:05","guid":{"rendered":"https:\/\/www.egemtv.com\/?p=61484"},"modified":"2025-10-15T10:15:08","modified_gmt":"2025-10-15T07:15:08","slug":"milletvekili-un-direnisin-destanini-yazan-gazze-halkina-katki-saglamaya-calistik","status":"publish","type":"post","link":"https:\/\/www.egemtv.com\/?p=61484","title":{"rendered":"Milletvekili \u00dcn; &#8220;Direni\u015fin destan\u0131n\u0131 yazan Gazze halk\u0131na katk\u0131 sa\u011flamaya \u00e7al\u0131\u015ft\u0131k&#8221;"},"content":{"rendered":"<p>DEN\u0130ZL\u0130 (\u0130HA) \u2013 \u0130srail\u2019in hukuksuz g\u00f6zalt\u0131 s\u00fcrecinin ard\u0131ndan TBMM yeni d\u00f6nem \u00e7al\u0131\u015fmalar\u0131na kat\u0131lan Denizli Milletvekili Sema Silkin \u00dcn, &#8220;Gazze halk\u0131, 2 y\u0131l\u0131 a\u015fk\u0131n bir zamand\u0131r inanc\u0131n azmin sebat ve direni\u015fin destan\u0131n\u0131 yazd\u0131. Onlar\u0131n m\u00fccadelesine bir sapan ta\u015f\u0131 kadar katk\u0131 sa\u011flayabildiysek ne mutlu bizlere&#8221; dedi.<\/p>\n<p>Meclis\u2019in yeni d\u00f6nem \u00e7al\u0131\u015fmalar\u0131na kat\u0131lan Denizli Milletvekili Sema Silkin \u00dcn, &#8220;Kutlu seferimizin ard\u0131ndan bug\u00fcn TBMM\u2019de yeni d\u00f6nem mesaimize ba\u015flad\u0131k. Allah insanl\u0131k ad\u0131na, adalet ad\u0131na yapaca\u011f\u0131m\u0131z \u00e7al\u0131\u015fmalar\u0131m\u0131z\u0131 bereketli k\u0131ls\u0131n. Bir yan\u0131m\u0131z hep Gazze olsun. Hukuksuz Gazze ablukas\u0131n\u0131 k\u0131rmak ve Gazze\u2019mize insani yard\u0131m ula\u015ft\u0131rmak i\u00e7in bulundu\u011fumuz uluslararas\u0131 sularda \u0130srail askerleri taraf\u0131ndan al\u0131konulma s\u00fcrecimizde Devletimizin t\u00fcm kurum ve mekanizmalar\u0131n\u0131n yan\u0131m\u0131zda oldu\u011funu hissettik. Bu kapsamda Gazi Meclis\u2019imizin onurunu koruma gayretiyle ilk andan itibaren tepkisini en g\u00fc\u00e7l\u00fc \u015fekilde ortaya koyan Meclis Ba\u015fkan\u0131m\u0131z Numan Kurtulmu\u015f\u2019a ve tezkereye oy birli\u011fiyle evet diyen t\u00fcm milletvekili arkada\u015flar\u0131ma minnet duyar\u0131m. D\u0131\u015fi\u015fleri Bakan\u0131m\u0131z Hakan Fidan nezdinde en h\u0131zl\u0131 ve sa\u011fl\u0131kl\u0131 \u015fekilde \u00fclkemize d\u00f6n\u00fc\u015f\u00fcm\u00fcz i\u00e7in seferber olan diplomatlar\u0131m\u0131za, u\u00e7ak yolculu\u011fumuzu organize eden Azerbaycan b\u00fcy\u00fckel\u00e7imiz Birol Akg\u00fcn\u2019e ve koordinasyona b\u00fcy\u00fck emek veren Filistin Dostluk Grubu Ba\u015fkan\u0131m\u0131z Hasan Turan\u2019a te\u015fekk\u00fcr ederim. Sald\u0131r\u0131n\u0131n ilk an\u0131ndan itibaren g\u00fc\u00e7l\u00fc desteklerini ve giri\u015fimlerini esirgemeyen ba\u015fta Genel Ba\u015fkan\u0131m Ahmet Davuto\u011flu ve yolculu\u011fumuz s\u00fcresince bizleri yaln\u0131z b\u0131rakmayan herkese te\u015fekk\u00fcr ederim. Yola \u00e7\u0131kt\u0131\u011f\u0131m\u0131z ilk andan itibaren bizleri yaln\u0131z b\u0131rakmayan, dualar\u0131n\u0131 esirgemeyen, meydanlar\u0131 dolduran aziz milletimize \u015f\u00fckran bor\u00e7luyuz. Ku\u015fkusuz en b\u00fcy\u00fck minnet ve \u015f\u00fckran duygumuz 2 y\u0131l\u0131 a\u015fk\u0131n bir zamand\u0131r inanc\u0131n azmin sebat ve direni\u015fin destan\u0131n\u0131 yazan Gazze halk\u0131nad\u0131r. Onlar\u0131n m\u00fccadelesine bir sapan ta\u015f\u0131 kadar katk\u0131 sa\u011flayabildiysek ne mutlu bizlere&#8221; diye konu\u015ftu.<br \/><\/p>\n","protected":false},"excerpt":{"rendered":"<p>DEN\u0130ZL\u0130 (\u0130HA) \u2013 \u0130srail\u2019in hukuksuz g\u00f6zalt\u0131 s\u00fcrecinin ard\u0131ndan TBMM yeni d\u00f6nem \u00e7al\u0131\u015fmalar\u0131na kat\u0131lan Denizli Milletvekili Sema Silkin \u00dcn, &#8220;Gazze halk\u0131, 2 y\u0131l\u0131 a\u015fk\u0131n bir zamand\u0131r inanc\u0131n azmin sebat ve direni\u015fin destan\u0131n\u0131 yazd\u0131. Onlar\u0131n m\u00fccadelesine bir sapan ta\u015f\u0131 kadar katk\u0131 sa\u011flayabildiysek ne mutlu bizlere&#8221; dedi. Meclis\u2019in yeni d\u00f6nem \u00e7al\u0131\u015fmalar\u0131na kat\u0131lan Denizli Milletvekili Sema Silkin \u00dcn, &#8220;Kutlu&#8230;<\/p>\n","protected":false},"author":1,"featured_media":61485,"comment_status":"open","ping_status":"open","sticky":false,"template":"","format":"standard","meta":{"_crdt_document":"","footnotes":""},"categories":[127],"tags":[],"class_list":["post-61484","post","type-post","status-publish","format-standard","has-post-thumbnail","hentry","category-siyaset"],"_links":{"self":[{"href":"https:\/\/www.egemtv.com\/index.php?rest_route=\/wp\/v2\/posts\/61484","targetHints":{"allow":["GET"]}}],"collection":[{"href":"https:\/\/www.egemtv.com\/index.php?rest_route=\/wp\/v2\/posts"}],"about":[{"href":"https:\/\/www.egemtv.com\/index.php?rest_route=\/wp\/v2\/types\/post"}],"author":[{"embeddable":true,"href":"https:\/\/www.egemtv.com\/index.php?rest_route=\/wp\/v2\/users\/1"}],"replies":[{"embeddable":true,"href":"https:\/\/www.egemtv.com\/index.php?rest_route=%2Fwp%2Fv2%2Fcomments&post=61484"}],"version-history":[{"count":1,"href":"https:\/\/www.egemtv.com\/index.php?rest_route=\/wp\/v2\/posts\/61484\/revisions"}],"predecessor-version":[{"id":61486,"href":"https:\/\/www.egemtv.com\/index.php?rest_route=\/wp\/v2\/posts\/61484\/revisions\/61486"}],"wp:featuredmedia":[{"embeddable":true,"href":"https:\/\/www.egemtv.com\/index.php?rest_route=\/wp\/v2\/media\/61485"}],"wp:attachment":[{"href":"https:\/\/www.egemtv.com\/index.php?rest_route=%2Fwp%2Fv2%2Fmedia&parent=61484"}],"wp:term":[{"taxonomy":"category","embeddable":true,"href":"https:\/\/www.egemtv.com\/index.php?rest_route=%2Fwp%2Fv2%2Fcategories&post=61484"},{"taxonomy":"post_tag","embeddable":true,"href":"https:\/\/www.egemtv.com\/index.php?rest_route=%2Fwp%2Fv2%2Ftags&post=61484"}],"curies":[{"name":"wp","href":"https:\/\/api.w.org\/{rel}","templated":true}]}}