{"id":61478,"date":"2025-10-15T09:55:08","date_gmt":"2025-10-15T06:55:08","guid":{"rendered":"https:\/\/www.egemtv.com\/?p=61478"},"modified":"2025-10-15T09:55:09","modified_gmt":"2025-10-15T06:55:09","slug":"kaymakam-2-padisah-12-cumhurbaskani-ve-27-basbakan-goren-cinara-pasta-kesti","status":"publish","type":"post","link":"https:\/\/www.egemtv.com\/?p=61478","title":{"rendered":"Kaymakam 2 padi\u015fah, 12 cumhurba\u015fkan\u0131 ve 27 ba\u015fbakan g\u00f6ren \u00e7\u0131nara pasta kesti"},"content":{"rendered":"<p>DEN\u0130ZL\u0130 (\u0130HA) \u2013 Denizli\u2019nin Merkezefendi Kaymakam\u0131 Abdullah Demir, 2 padi\u015fah, 12 cumhurba\u015fkan\u0131 ve 27 ba\u015fbakan g\u00f6ren as\u0131rl\u0131k \u00e7\u0131nar\u0131n 107\u2019inci ya\u015f\u0131n\u0131 fidan hediye ederek ve pasta keserek kutlad\u0131.<\/p>\n<p>Merkezefendi Kaymakam\u0131 Abdullah Demir, Ya\u015fl\u0131lar haftas\u0131 etkinlikleri kapsam\u0131nda e\u015fi Elif Demir ve ilgili kurum temsilcileriyle birlikte il\u00e7ede ya\u015fayan as\u0131rl\u0131k \u00e7\u0131narlar\u0131 ziyaret etti. 107 ya\u015f\u0131na giren Fatmana \u00d6zaslan\u2019\u0131n yeni ya\u015f\u0131n\u0131 pasta keserek kutlayan Kaymakam Demir, as\u0131rl\u0131k \u00e7\u0131nar\u0131n genel durumu hakk\u0131nda k\u0131z\u0131 Ay\u015fe ve damad\u0131 Ramazan \u00dcnal \u00e7iftinden bilgi ald\u0131. Kaymakam Demir, 2 padi\u015fah, 12 cumhurba\u015fkan\u0131 ve 27 ba\u015fbakan g\u00f6ren ya\u015fl\u0131 kad\u0131na sa\u011fl\u0131kl\u0131 bir \u00f6m\u00fcr ge\u00e7irmesi temennisinde bulundu.<\/p>\n<p>107\u2019lik \u00e7\u0131narla sohbet eden Kaymakam Demir, &#8220;2 padi\u015fah, 12 cumhurba\u015fkan\u0131 ve 27 ba\u015fbakan d\u00f6neminde ya\u015fam\u0131\u015f olan 107 ya\u015f\u0131ndaki b\u00fcy\u00fc\u011f\u00fcm\u00fcz\u00fc ziyaret ettik. Ya\u015fl\u0131lar Haftas\u0131 kapsam\u0131nda yan\u0131nda olmak istedi\u011fimiz il\u00e7emiz sakinlerinden 1918 do\u011fumlu Fatmana \u00d6zarslan\u2019\u0131 ziyaret ederek, do\u011fum g\u00fcn\u00fc nedeniyle pastam\u0131z\u0131 ve Bursa\u2019da yanan orman alanlar\u0131nda ad\u0131na dikilecek olan iki a\u011faca dair fidan sertifikas\u0131n\u0131 teslim ettik&#8221; dedi.<\/p>\n<p>Kaymakam Demir\u2019e ziyareti i\u00e7in te\u015fekk\u00fcrler eden Ramazan \u00dcnal ise &#8220;Kay\u0131nvalidem Fatmana \u00d6zaslan\u2019\u0131n 107. ya\u015f\u0131na girmesi dolay\u0131s\u0131yla evimize, e\u015fiyle birlikte gelerek do\u011fum g\u00fcn\u00fc pastas\u0131 kesen Merkezefendi Kaymakam\u0131m\u0131z Abdullah Demir ve e\u015fine nazik davran\u0131\u015flar\u0131ndan dolay\u0131 te\u015fekk\u00fcr ederiz&#8221; diye konu\u015ftu.<\/p>\n<p>Kaymakam \u00dcnal program\u0131 kapsam\u0131nda 100 ya\u015f\u0131n\u0131 bitiren \u015eahnigar \u00d6zk\u0131l\u0131\u00e7 ile 97 ya\u015f\u0131na basan Hatice \u00c7etinkaya ve Naciye Ba\u011fc\u0131\u2019y\u0131 da ziyaret ederek, kendi adlar\u0131na dikilecek olan fidan sertifikalar\u0131n\u0131 teslim etti.<br \/><\/p>\n","protected":false},"excerpt":{"rendered":"<p>DEN\u0130ZL\u0130 (\u0130HA) \u2013 Denizli\u2019nin Merkezefendi Kaymakam\u0131 Abdullah Demir, 2 padi\u015fah, 12 cumhurba\u015fkan\u0131 ve 27 ba\u015fbakan g\u00f6ren as\u0131rl\u0131k \u00e7\u0131nar\u0131n 107\u2019inci ya\u015f\u0131n\u0131 fidan hediye ederek ve pasta keserek kutlad\u0131. Merkezefendi Kaymakam\u0131 Abdullah Demir, Ya\u015fl\u0131lar haftas\u0131 etkinlikleri kapsam\u0131nda e\u015fi Elif Demir ve ilgili kurum temsilcileriyle birlikte il\u00e7ede ya\u015fayan as\u0131rl\u0131k \u00e7\u0131narlar\u0131 ziyaret etti. 107 ya\u015f\u0131na giren Fatmana \u00d6zaslan\u2019\u0131n yeni&#8230;<\/p>\n","protected":false},"author":1,"featured_media":61479,"comment_status":"open","ping_status":"open","sticky":false,"template":"","format":"standard","meta":{"_crdt_document":"","footnotes":""},"categories":[123],"tags":[],"class_list":["post-61478","post","type-post","status-publish","format-standard","has-post-thumbnail","hentry","category-gundem"],"_links":{"self":[{"href":"https:\/\/www.egemtv.com\/index.php?rest_route=\/wp\/v2\/posts\/61478","targetHints":{"allow":["GET"]}}],"collection":[{"href":"https:\/\/www.egemtv.com\/index.php?rest_route=\/wp\/v2\/posts"}],"about":[{"href":"https:\/\/www.egemtv.com\/index.php?rest_route=\/wp\/v2\/types\/post"}],"author":[{"embeddable":true,"href":"https:\/\/www.egemtv.com\/index.php?rest_route=\/wp\/v2\/users\/1"}],"replies":[{"embeddable":true,"href":"https:\/\/www.egemtv.com\/index.php?rest_route=%2Fwp%2Fv2%2Fcomments&post=61478"}],"version-history":[{"count":1,"href":"https:\/\/www.egemtv.com\/index.php?rest_route=\/wp\/v2\/posts\/61478\/revisions"}],"predecessor-version":[{"id":61480,"href":"https:\/\/www.egemtv.com\/index.php?rest_route=\/wp\/v2\/posts\/61478\/revisions\/61480"}],"wp:featuredmedia":[{"embeddable":true,"href":"https:\/\/www.egemtv.com\/index.php?rest_route=\/wp\/v2\/media\/61479"}],"wp:attachment":[{"href":"https:\/\/www.egemtv.com\/index.php?rest_route=%2Fwp%2Fv2%2Fmedia&parent=61478"}],"wp:term":[{"taxonomy":"category","embeddable":true,"href":"https:\/\/www.egemtv.com\/index.php?rest_route=%2Fwp%2Fv2%2Fcategories&post=61478"},{"taxonomy":"post_tag","embeddable":true,"href":"https:\/\/www.egemtv.com\/index.php?rest_route=%2Fwp%2Fv2%2Ftags&post=61478"}],"curies":[{"name":"wp","href":"https:\/\/api.w.org\/{rel}","templated":true}]}}