{"id":61475,"date":"2025-10-15T09:55:05","date_gmt":"2025-10-15T06:55:05","guid":{"rendered":"https:\/\/www.egemtv.com\/?p=61475"},"modified":"2025-10-15T09:55:07","modified_gmt":"2025-10-15T06:55:07","slug":"soke-ovasinda-pamuk-hasadi-suruyor","status":"publish","type":"post","link":"https:\/\/www.egemtv.com\/?p=61475","title":{"rendered":"S\u00f6ke Ovas\u0131\u2019nda pamuk hasad\u0131 s\u00fcr\u00fcyor"},"content":{"rendered":"<p>Ayd\u0131n\u2019\u0131n S\u00f6ke il\u00e7esinde co\u011frafi i\u015faretli ve AB tescilli S\u00f6ke Pamu\u011fu\u2019nun hasat d\u00f6nemi s\u00fcr\u00fcyor.<\/p>\n<p>Pamuk \u00fcretiminde T\u00fcrkiye\u2019nin \u00f6nde gelen merkezlerinden biri olan Ayd\u0131n\u2019da \u00fcretim rakamlar\u0131 dikkat \u00e7ekiyor. 2025 y\u0131l\u0131 \u00c7ift\u00e7i Kay\u0131t Sistemi verilerine g\u00f6re kent genelinde 447 bin dekar alanda pamuk \u00fcretimi yap\u0131l\u0131rken, bunun 248 bin dekar\u0131n\u0131 S\u00f6ke Ovas\u0131 olu\u015fturdu. B\u00f6ylece S\u00f6ke, Ayd\u0131n\u2019daki toplam pamuk ekim alanlar\u0131n\u0131n y\u00fczde 55\u2019ine ev sahipli\u011fi yapt\u0131. Ge\u00e7ti\u011fimiz y\u0131l T\u00dc\u0130K verilerine g\u00f6re il genelinde 557 bin dekar alanda 246 bin ton pamuk \u00fcretimi ger\u00e7ekle\u015ftirildi. Elde edilen bu sonu\u00e7larla Ayd\u0131n, T\u00fcrkiye genelinde pamuk \u00fcretiminde \u00fc\u00e7\u00fcnc\u00fc s\u0131rada yer ald\u0131.<\/p>\n<p>Ayd\u0131n \u0130l Tar\u0131m ve Orman M\u00fcd\u00fcr\u00fc Ayhan Temiz, G\u00f6lbent Mahallesi\u2019nde ger\u00e7ekle\u015ftirilen pamuk hasad\u0131na kat\u0131larak \u00fcreticilerle bir araya geldi. B\u00f6lgeye \u00f6zg\u00fc az \u00e7epelli, d\u00fc\u015f\u00fck sar\u0131l\u0131k de\u011ferine sahip ve uzun lifli yap\u0131s\u0131yla \u00f6ne \u00e7\u0131kan S\u00f6ke Pamu\u011fu\u2019nun \u00fclke ekonomisine \u00f6nemli katk\u0131 sundu\u011funu belirten Temiz, \u00fcreticilere bereketli bir sezon diledi.<br \/><\/p>\n","protected":false},"excerpt":{"rendered":"<p>Ayd\u0131n\u2019\u0131n S\u00f6ke il\u00e7esinde co\u011frafi i\u015faretli ve AB tescilli S\u00f6ke Pamu\u011fu\u2019nun hasat d\u00f6nemi s\u00fcr\u00fcyor. Pamuk \u00fcretiminde T\u00fcrkiye\u2019nin \u00f6nde gelen merkezlerinden biri olan Ayd\u0131n\u2019da \u00fcretim rakamlar\u0131 dikkat \u00e7ekiyor. 2025 y\u0131l\u0131 \u00c7ift\u00e7i Kay\u0131t Sistemi verilerine g\u00f6re kent genelinde 447 bin dekar alanda pamuk \u00fcretimi yap\u0131l\u0131rken, bunun 248 bin dekar\u0131n\u0131 S\u00f6ke Ovas\u0131 olu\u015fturdu. B\u00f6ylece S\u00f6ke, Ayd\u0131n\u2019daki toplam pamuk ekim&#8230;<\/p>\n","protected":false},"author":1,"featured_media":61476,"comment_status":"open","ping_status":"open","sticky":false,"template":"","format":"standard","meta":{"_crdt_document":"","footnotes":""},"categories":[1],"tags":[],"class_list":["post-61475","post","type-post","status-publish","format-standard","has-post-thumbnail","hentry","category-guncel"],"_links":{"self":[{"href":"https:\/\/www.egemtv.com\/index.php?rest_route=\/wp\/v2\/posts\/61475","targetHints":{"allow":["GET"]}}],"collection":[{"href":"https:\/\/www.egemtv.com\/index.php?rest_route=\/wp\/v2\/posts"}],"about":[{"href":"https:\/\/www.egemtv.com\/index.php?rest_route=\/wp\/v2\/types\/post"}],"author":[{"embeddable":true,"href":"https:\/\/www.egemtv.com\/index.php?rest_route=\/wp\/v2\/users\/1"}],"replies":[{"embeddable":true,"href":"https:\/\/www.egemtv.com\/index.php?rest_route=%2Fwp%2Fv2%2Fcomments&post=61475"}],"version-history":[{"count":1,"href":"https:\/\/www.egemtv.com\/index.php?rest_route=\/wp\/v2\/posts\/61475\/revisions"}],"predecessor-version":[{"id":61477,"href":"https:\/\/www.egemtv.com\/index.php?rest_route=\/wp\/v2\/posts\/61475\/revisions\/61477"}],"wp:featuredmedia":[{"embeddable":true,"href":"https:\/\/www.egemtv.com\/index.php?rest_route=\/wp\/v2\/media\/61476"}],"wp:attachment":[{"href":"https:\/\/www.egemtv.com\/index.php?rest_route=%2Fwp%2Fv2%2Fmedia&parent=61475"}],"wp:term":[{"taxonomy":"category","embeddable":true,"href":"https:\/\/www.egemtv.com\/index.php?rest_route=%2Fwp%2Fv2%2Fcategories&post=61475"},{"taxonomy":"post_tag","embeddable":true,"href":"https:\/\/www.egemtv.com\/index.php?rest_route=%2Fwp%2Fv2%2Ftags&post=61475"}],"curies":[{"name":"wp","href":"https:\/\/api.w.org\/{rel}","templated":true}]}}