{"id":61472,"date":"2025-10-15T09:54:57","date_gmt":"2025-10-15T06:54:57","guid":{"rendered":"https:\/\/www.egemtv.com\/?p=61472"},"modified":"2025-10-15T09:55:02","modified_gmt":"2025-10-15T06:55:02","slug":"15-yasindaki-surucunun-oldugu-kaza-guvenlik-kamerasinda","status":"publish","type":"post","link":"https:\/\/www.egemtv.com\/?p=61472","title":{"rendered":"15 ya\u015f\u0131ndaki s\u00fcr\u00fcc\u00fcn\u00fcn \u00f6ld\u00fc\u011f\u00fc kaza g\u00fcvenlik kameras\u0131nda"},"content":{"rendered":"<p>Afyonkarahisar\u2019da 15 ya\u015f\u0131ndaki s\u00fcr\u00fcc\u00fcn\u00fcn kulland\u0131\u011f\u0131 otomobilin bir ba\u015fka otomobille \u00e7arp\u0131\u015ft\u0131\u011f\u0131 kaza saniye saniye g\u00fcvenlik kameralar\u0131na yans\u0131rken, deh\u015fete d\u00fc\u015f\u00fcren kazada s\u00fcr\u00fcc\u00fc hayat\u0131n\u0131 kaybetti, 3 ki\u015fi de yaraland\u0131.<br \/>\n<br \/>Kaza, \u0130hsaniye il\u00e7esi Emre G\u00f6l\u00fc mevkiinde meydana geldi. Edinilen bilgilere g\u00f6re, Emre El, y\u00f6netimindeki 64 AES 832 plakal\u0131 otomobil, tali yoldan \u00e7\u0131kan M.K. idaresindeki 06 AL 9820 plakal\u0131 otomobille \u00e7arp\u0131\u015ft\u0131. \u00c7arp\u0131\u015fman\u0131n etkisiyle savrulan ara\u00e7lardan biri takla atarak durabilirken di\u011feri ise \u015farampole girdi. Kazan\u0131n ard\u0131ndan \u00e7evredekilerin haber vermesiyle b\u00f6lgeye \u00e7ok say\u0131da jandarma ve sa\u011fl\u0131k ekibi sevk edildi. Olay yerine gelen ekipler kazada yaralanan Emre El, A.A.K. (14), A.S. (15) ve M.K.\u2019y\u0131 ambulanslarla hastaneye kald\u0131rd\u0131. Emre El yap\u0131lan m\u00fcdahaleye ra\u011fmen kurtar\u0131lamayarak hayat\u0131n\u0131 kaybetti.<br \/>\n<br \/>Ya\u015fanan kaza \u00e7evredeki bir i\u015f yerinin g\u00fcvenlik kameras\u0131na saniye saniye yans\u0131d\u0131. G\u00f6r\u00fcnt\u00fcde otomobillerin \u00e7arp\u0131\u015fmas\u0131 ve ard\u0131ndan savrularak \u015farampole girmeleri yer al\u0131yor.<br \/><\/p>\n","protected":false},"excerpt":{"rendered":"<p>Afyonkarahisar\u2019da 15 ya\u015f\u0131ndaki s\u00fcr\u00fcc\u00fcn\u00fcn kulland\u0131\u011f\u0131 otomobilin bir ba\u015fka otomobille \u00e7arp\u0131\u015ft\u0131\u011f\u0131 kaza saniye saniye g\u00fcvenlik kameralar\u0131na yans\u0131rken, deh\u015fete d\u00fc\u015f\u00fcren kazada s\u00fcr\u00fcc\u00fc hayat\u0131n\u0131 kaybetti, 3 ki\u015fi de yaraland\u0131. Kaza, \u0130hsaniye il\u00e7esi Emre G\u00f6l\u00fc mevkiinde meydana geldi. Edinilen bilgilere g\u00f6re, Emre El, y\u00f6netimindeki 64 AES 832 plakal\u0131 otomobil, tali yoldan \u00e7\u0131kan M.K. idaresindeki 06 AL 9820 plakal\u0131 otomobille&#8230;<\/p>\n","protected":false},"author":1,"featured_media":61473,"comment_status":"open","ping_status":"open","sticky":false,"template":"","format":"standard","meta":{"_crdt_document":"","footnotes":""},"categories":[5],"tags":[],"class_list":["post-61472","post","type-post","status-publish","format-standard","has-post-thumbnail","hentry","category-asayis"],"_links":{"self":[{"href":"https:\/\/www.egemtv.com\/index.php?rest_route=\/wp\/v2\/posts\/61472","targetHints":{"allow":["GET"]}}],"collection":[{"href":"https:\/\/www.egemtv.com\/index.php?rest_route=\/wp\/v2\/posts"}],"about":[{"href":"https:\/\/www.egemtv.com\/index.php?rest_route=\/wp\/v2\/types\/post"}],"author":[{"embeddable":true,"href":"https:\/\/www.egemtv.com\/index.php?rest_route=\/wp\/v2\/users\/1"}],"replies":[{"embeddable":true,"href":"https:\/\/www.egemtv.com\/index.php?rest_route=%2Fwp%2Fv2%2Fcomments&post=61472"}],"version-history":[{"count":1,"href":"https:\/\/www.egemtv.com\/index.php?rest_route=\/wp\/v2\/posts\/61472\/revisions"}],"predecessor-version":[{"id":61474,"href":"https:\/\/www.egemtv.com\/index.php?rest_route=\/wp\/v2\/posts\/61472\/revisions\/61474"}],"wp:featuredmedia":[{"embeddable":true,"href":"https:\/\/www.egemtv.com\/index.php?rest_route=\/wp\/v2\/media\/61473"}],"wp:attachment":[{"href":"https:\/\/www.egemtv.com\/index.php?rest_route=%2Fwp%2Fv2%2Fmedia&parent=61472"}],"wp:term":[{"taxonomy":"category","embeddable":true,"href":"https:\/\/www.egemtv.com\/index.php?rest_route=%2Fwp%2Fv2%2Fcategories&post=61472"},{"taxonomy":"post_tag","embeddable":true,"href":"https:\/\/www.egemtv.com\/index.php?rest_route=%2Fwp%2Fv2%2Ftags&post=61472"}],"curies":[{"name":"wp","href":"https:\/\/api.w.org\/{rel}","templated":true}]}}