{"id":6140,"date":"2025-01-10T10:44:06","date_gmt":"2025-01-10T07:44:06","guid":{"rendered":"https:\/\/www.egemtv.com\/?p=6140"},"modified":"2025-01-10T10:44:13","modified_gmt":"2025-01-10T07:44:13","slug":"ufuk-saricadan-karsiyakaya-duygusal-veda","status":"publish","type":"post","link":"https:\/\/www.egemtv.com\/?p=6140","title":{"rendered":"Ufuk Sar\u0131ca\u2019dan Kar\u015f\u0131yaka\u2019ya duygusal veda"},"content":{"rendered":"<p>Kar\u015f\u0131yaka Basketbol ile yollar\u0131n\u0131 ay\u0131ran Ba\u015fantren\u00f6r Ufuk Sar\u0131ca, resmi sosyal medya hesaplar\u0131ndan veda payla\u015f\u0131m\u0131 yaparak, \u201cAyr\u0131l\u0131klar her zaman zordur, ancak bug\u00fcn buradan sevgi ve kar\u015f\u0131l\u0131kl\u0131 anlay\u0131\u015f i\u00e7inde ayr\u0131ld\u0131\u011f\u0131m\u0131 bilmek bana b\u00fcy\u00fck bir teselli veriyor. Bu bir veda gibi g\u00f6r\u00fcnse de asl\u0131nda her zaman kalbimde, bir par\u00e7am olarak bu kul\u00fcb\u00fc ta\u015f\u0131maya devam edece\u011fim\u201d ifadelerine yer verdi.<br \/>\n<br \/>Kar\u015f\u0131yaka Basketbol\u2019da 2001-2002 d\u00f6neminde forma giyen antren\u00f6r olarak ise ilk g\u00f6revine 2012 y\u0131l\u0131nda ba\u015flayan Ufuk Sar\u0131ca, bu s\u00fcre\u00e7te bir\u00e7ok \u00f6nemli ba\u015far\u0131ya imza att\u0131. 2013 y\u0131l\u0131nda ye\u015fil-k\u0131rm\u0131z\u0131l\u0131lara Eurochallenge\u2019da final oynatan ba\u015far\u0131l\u0131 \u00e7al\u0131\u015ft\u0131r\u0131c\u0131, daha sonra 2014\u2019te ilk kez T\u00fcrkiye Kupas\u0131\u2019n\u0131 ard\u0131ndan Cumhurba\u015fkanl\u0131\u011f\u0131 Kupas\u0131 ve 2015\u2019te de Basketbol S\u00fcper Ligi\u2019nde \u015fampiyonluk sevinci ya\u015fad\u0131. \u0130zmir ekibi, bu ba\u015far\u0131lar\u0131n ard\u0131ndan Ufuk Sar\u0131ca y\u00f6netiminde 2015-2016 sezonunda ilk kez EuroLeague\u2019de yer ald\u0131. Kar\u015f\u0131yaka\u2019dan 2016 y\u0131l\u0131nda yollar\u0131 ayr\u0131lan Ufuk Sar\u0131ca, 3 y\u0131ll\u0131k aran\u0131n ard\u0131ndan 2019\u2019da \u0130zmir ekibine d\u00f6nd\u00fc. \u0130kinci Sar\u0131ca d\u00f6nemiyle birlikte 5 sezon daha Kar\u015f\u0131yaka\u2019n\u0131n ba\u015f\u0131nda yer alan 52 ya\u015f\u0131ndaki ba\u015fantren\u00f6r, 2021 y\u0131l\u0131nda \u015eampiyonlar Ligi\u2019nde, 2023\u2019te de S\u00fcper Lig\u2019de final oynatma ba\u015far\u0131s\u0131 g\u00f6sterdi. Kar\u015f\u0131yaka\u2019n\u0131n ba\u015f\u0131nda say\u0131s\u0131z ba\u015far\u0131ya imza atan Ufuk Sar\u0131ca 2024-2025 sezonuna da etkili bir giri\u015f yapm\u0131\u015f olsa da ekonomik sebeplerden dolay\u0131 ye\u015fil-k\u0131rm\u0131z\u0131l\u0131larla yollar\u0131n\u0131 ay\u0131rmak zorunda kald\u0131. Bunun \u00fczerine tecr\u00fcbeli \u00e7al\u0131\u015ft\u0131r\u0131c\u0131 resmi sosyal medya hesaplar\u0131ndan veda mesaj\u0131 payla\u015ft\u0131. Sar\u0131ca, Kar\u015f\u0131yaka\u2019n\u0131n bir par\u00e7as\u0131 olmaktan her zaman gurur duyaca\u011f\u0131n\u0131 ifade etti.<\/p>\n<p>Ufuk Sar\u0131ca\u2019n\u0131n veda payla\u015f\u0131m\u0131 \u015f\u00f6yle:<br \/>\n<br \/>\u201c5 y\u0131l s\u00fcren bir yolculu\u011fun sonuna gelmi\u015f bulunuyorum. Kar\u015f\u0131yaka\u2019n\u0131n \u00e7ok de\u011ferli ailesinden biri olarak, bu kul\u00fcpte ge\u00e7irdi\u011fim zamanlar benim i\u00e7in unutulmaz an\u0131larla dolu.<br \/>\n<br \/>Kar\u015f\u0131yaka, sadece bir basketbol tak\u0131m\u0131 de\u011fil, ayn\u0131 zamanda k\u00f6kl\u00fc bir k\u00fclt\u00fcr\u00fc ve taraftarlar\u0131yla bir b\u00fct\u00fcn olmu\u015f b\u00fcy\u00fck bir camiad\u0131r. Bu camian\u0131n, bu semtin bir par\u00e7as\u0131 olmak benim i\u00e7in gurur vericiydi. Her zaman s\u00f6yledi\u011fim gibi, Kar\u015f\u0131yaka\u2019da kazand\u0131\u011f\u0131n\u0131z her ba\u015far\u0131, sadece bir zafer de\u011fil, ayn\u0131 zamanda t\u00fcm Kar\u015f\u0131yaka\u2019n\u0131n y\u00fcre\u011fine dokunan bir co\u015fkudur.<br \/>\n<br \/>Her sezon, her ma\u00e7, her zafer, bu camian\u0131n ortak m\u00fccadelesinin bir par\u00e7as\u0131yd\u0131. Hep birlikte \u00e7ok g\u00fczel hikayeler yazd\u0131k. Sadece kazand\u0131\u011f\u0131m\u0131z kupalarla de\u011fil, bu kul\u00fcb\u00fcn ruhuna ve de\u011ferlerine yak\u0131\u015fan bir k\u00fclt\u00fcr olu\u015fturmakla da hep birlikte fark olu\u015fturduk.<br \/>\n<br \/>Ayr\u0131l\u0131klar her zaman zordur, ancak bug\u00fcn buradan sevgi ve kar\u015f\u0131l\u0131kl\u0131 anlay\u0131\u015f i\u00e7inde ayr\u0131ld\u0131\u011f\u0131m\u0131 bilmek bana b\u00fcy\u00fck bir teselli veriyor. Bu bir veda gibi g\u00f6r\u00fcnse de asl\u0131nda her zaman kalbimde, bir par\u00e7am olarak bu kul\u00fcb\u00fc ta\u015f\u0131maya devam edece\u011fim. Nerede olursam olay\u0131m, buradaki g\u00fczel an\u0131lar ve dostluklar her zaman benimle olacak.<br \/>\n<br \/>Birlikte ge\u00e7irdi\u011fimiz y\u0131llar i\u00e7in ba\u015fta b\u00fcy\u00fck bir sab\u0131r ve destek ile her zaman yan\u0131mda olan aileme, b\u00fcy\u00fck bir tutkuyla tak\u0131m\u0131m\u0131z\u0131n arkas\u0131nda duran taraftarlar\u0131m\u0131za, gururla formam\u0131z\u0131 ta\u015f\u0131yan oyuncular\u0131m\u0131za, bana her daim destek olan teknik ve idari ekibimize, y\u00f6netimimize, ve desteklerini esirgemeyen Ya\u015far Holding\u2019e g\u00f6n\u00fclden te\u015fekk\u00fcr ediyorum. Bu g\u00fc\u00e7l\u00fc ailenin bir par\u00e7as\u0131 olmaktan her zaman gurur duyaca\u011f\u0131m.\u201d<br \/>\n<br \/><img fetchpriority=\"high\" decoding=\"async\" width=\"1080\" height=\"1350\" src=\"https:\/\/www.egemtv.com\/wp-content\/uploads\/2025\/01\/ufuk-saricadan-karsiyakaya-duygusal-veda_bfc420d92e35.jpg\" class=\"attachment-full size-full not-transparent\" alt=\"\" data-has-transparency=\"false\" data-dominant-color=\"534d40\" style=\"--dominant-color: #534d40\" \/><img decoding=\"async\" width=\"1066\" height=\"1600\" src=\"https:\/\/www.egemtv.com\/wp-content\/uploads\/2025\/01\/ufuk-saricadan-karsiyakaya-duygusal-veda_16391645e599.jpg\" class=\"attachment-full size-full not-transparent\" alt=\"\" data-has-transparency=\"false\" data-dominant-color=\"896d74\" style=\"--dominant-color: #896d74\" \/><\/p>\n","protected":false},"excerpt":{"rendered":"<p>Kar\u015f\u0131yaka Basketbol ile yollar\u0131n\u0131 ay\u0131ran Ba\u015fantren\u00f6r Ufuk Sar\u0131ca, resmi sosyal medya hesaplar\u0131ndan veda payla\u015f\u0131m\u0131 yaparak, \u201cAyr\u0131l\u0131klar her zaman zordur, ancak bug\u00fcn buradan sevgi ve kar\u015f\u0131l\u0131kl\u0131 anlay\u0131\u015f i\u00e7inde ayr\u0131ld\u0131\u011f\u0131m\u0131 bilmek bana b\u00fcy\u00fck bir teselli veriyor. Bu bir veda gibi g\u00f6r\u00fcnse de asl\u0131nda her zaman kalbimde, bir par\u00e7am olarak bu kul\u00fcb\u00fc ta\u015f\u0131maya devam edece\u011fim\u201d ifadelerine yer verdi&#8230;.<\/p>\n","protected":false},"author":1,"featured_media":6141,"comment_status":"open","ping_status":"open","sticky":false,"template":"","format":"standard","meta":{"_crdt_document":"","footnotes":""},"categories":[4],"tags":[],"class_list":["post-6140","post","type-post","status-publish","format-standard","has-post-thumbnail","hentry","category-spor"],"_links":{"self":[{"href":"https:\/\/www.egemtv.com\/index.php?rest_route=\/wp\/v2\/posts\/6140","targetHints":{"allow":["GET"]}}],"collection":[{"href":"https:\/\/www.egemtv.com\/index.php?rest_route=\/wp\/v2\/posts"}],"about":[{"href":"https:\/\/www.egemtv.com\/index.php?rest_route=\/wp\/v2\/types\/post"}],"author":[{"embeddable":true,"href":"https:\/\/www.egemtv.com\/index.php?rest_route=\/wp\/v2\/users\/1"}],"replies":[{"embeddable":true,"href":"https:\/\/www.egemtv.com\/index.php?rest_route=%2Fwp%2Fv2%2Fcomments&post=6140"}],"version-history":[{"count":1,"href":"https:\/\/www.egemtv.com\/index.php?rest_route=\/wp\/v2\/posts\/6140\/revisions"}],"predecessor-version":[{"id":6144,"href":"https:\/\/www.egemtv.com\/index.php?rest_route=\/wp\/v2\/posts\/6140\/revisions\/6144"}],"wp:featuredmedia":[{"embeddable":true,"href":"https:\/\/www.egemtv.com\/index.php?rest_route=\/wp\/v2\/media\/6141"}],"wp:attachment":[{"href":"https:\/\/www.egemtv.com\/index.php?rest_route=%2Fwp%2Fv2%2Fmedia&parent=6140"}],"wp:term":[{"taxonomy":"category","embeddable":true,"href":"https:\/\/www.egemtv.com\/index.php?rest_route=%2Fwp%2Fv2%2Fcategories&post=6140"},{"taxonomy":"post_tag","embeddable":true,"href":"https:\/\/www.egemtv.com\/index.php?rest_route=%2Fwp%2Fv2%2Ftags&post=6140"}],"curies":[{"name":"wp","href":"https:\/\/api.w.org\/{rel}","templated":true}]}}