{"id":61358,"date":"2025-10-14T15:55:19","date_gmt":"2025-10-14T12:55:19","guid":{"rendered":"https:\/\/www.egemtv.com\/?p=61358"},"modified":"2025-10-14T15:55:20","modified_gmt":"2025-10-14T12:55:20","slug":"ispartada-bin-400-rakimli-dagin-zirvesinde-3-gun-mahsur-kalan-yasli-adam-askerligimi-komando-olarak-yaptigim-icin-dayanabildim","status":"publish","type":"post","link":"https:\/\/www.egemtv.com\/?p=61358","title":{"rendered":"Isparta\u2019da bin 400 rak\u0131ml\u0131 da\u011f\u0131n zirvesinde 3 g\u00fcn mahsur kalan ya\u015fl\u0131 adam: &#8220;Askerli\u011fimi komando olarak yapt\u0131\u011f\u0131m i\u00e7in dayanabildim&#8221;"},"content":{"rendered":"<p>Isparta\u2019n\u0131n E\u011firdir il\u00e7esinde 3 g\u00fcn \u00f6nce kaybolan ve b\u00f6lgedeki bir \u00e7oban taraf\u0131ndan bulunan ya\u015fl\u0131 adam, &#8220;Geceyi \u00e7ok k\u00f6t\u00fc ge\u00e7irdim. Geceleri titredim ancak askerli\u011fimi komando olarak yapt\u0131\u011f\u0131mdan dolay\u0131 dayand\u0131m&#8221; dedi.<br \/>\n<br \/>Edinilen bilgiye g\u00f6re, E\u011firdir il\u00e7esinde do\u011fa y\u00fcr\u00fcy\u00fc\u015f\u00fcne \u00e7\u0131kan 75 ya\u015f\u0131ndaki Hur\u015fit Y\u0131ld\u0131r\u0131m, Oluklac\u0131 Tepesi civar\u0131nda kayboldu. Cumartesi sabah\u0131ndan bu yana kendisinden haber al\u0131namayan Y\u0131ld\u0131r\u0131m\u2019\u0131 arama \u00e7al\u0131\u015fmalar\u0131 3\u2019\u00fcnc\u00fc g\u00fcn\u00fcnde devam ediyordu. Y\u0131ld\u0131r\u0131m\u2019\u0131n bulunmas\u0131 i\u00e7in b\u00f6lgede kriz masas\u0131 olu\u015fturuldu. AFAD, Isparta Jandarma Arama Kurtarma (JAK), E\u011firdir \u0130l\u00e7e Jandarma Komutanl\u0131\u011f\u0131, Jandarma Asayi\u015f Komando, AFAD g\u00f6n\u00fcll\u00fcleri, arama ve kurtarma dernekleri, iz takip k\u00f6pekleri, dron ve sivil vatanda\u015flardan olu\u015fan yakla\u015f\u0131k 55 ki\u015filik ekip g\u00f6rev yapt\u0131. Bug\u00fcn sabah saatlerinde b\u00f6lgede \u00e7obanl\u0131k yapan bir vatanda\u015f taraf\u0131ndan Y\u0131ld\u0131r\u0131m bulundu. \u00c7oban\u0131n telefonuyla yak\u0131nlar\u0131na ula\u015fan ya\u015fl\u0131 adam, yerini E\u011firdir Arama Kurtarma \u00fcyesi Abdurrahman Sinap anlatt\u0131. \u0130lk telefon g\u00f6r\u00fc\u015fmesinde Y\u0131lmaz, &#8220;Allah r\u0131zas\u0131 i\u00e7in beni kurtar\u0131n. Yerimi g\u00f6r\u00fcyor musunuz? Ben y\u00fcr\u00fcy\u00fc\u015f i\u00e7in \u00e7\u0131kt\u0131m geri de d\u00f6nemedim. Suyum olmad\u0131\u011f\u0131 i\u00e7in 3 g\u00fcnd\u00fcr oru\u00e7 tutuyorum. Ad\u0131m atacak halim kalmad\u0131&#8221; ifadelerini kullanm\u0131\u015ft\u0131.<\/p>\n<p>&#8220;Geceyi \u00e7ok k\u00f6t\u00fc ge\u00e7irdim&#8221;<br \/>\n<br \/>Hur\u015fit Y\u0131ld\u0131r\u0131m ile son yap\u0131lan telefon g\u00f6r\u00fc\u015fmesinde ise &#8220;Sesinizi duydum adeta can suyu oldu. Burada yerler \u00e7ok kaygan. Geceyi \u00e7ok k\u00f6t\u00fc ge\u00e7irdim. Geceleri titredim ancak askerli\u011fimi komanda olarak yapt\u0131\u011f\u0131mdan dolay\u0131 dayand\u0131m&#8221; \u015feklinde konu\u015ftu.<\/p>\n<p>&#8220;Ortalama oradan inmesi de 3-4 saati bulur&#8221;<br \/>\n<br \/>E\u011firdir Arama Kurtarma \u00fcyesi Abdurrahman Sinap ise, &#8220;Hur\u015fit isimli amcam\u0131z Baba Keyfin \u00fcst taraf\u0131ndan 3 g\u00fcn \u00f6nce buradan manzaray\u0131 seyir etmek i\u00e7in yukar\u0131ya \u00e7\u0131k\u0131yor. Kendisinden de haber al\u0131namay\u0131nca Isparta\u2019da arama kurtarma ekiplerinde herkes \u00f6zverili bir \u00e7al\u0131\u015fmayla \u00e7al\u0131\u015ft\u0131. \u00dcz\u00fcnt\u00fcl\u00fc bir haberle kar\u015f\u0131la\u015f\u0131r\u0131z diye \u00fcz\u00fcld\u00fck ama Allah\u2019a \u015f\u00fck\u00fcr Hur\u015fit amcam\u0131z sa\u011f olarak bulundu. Biraz \u00f6ncesinde de kendisiyle g\u00f6r\u00fcnt\u00fc g\u00f6r\u00fc\u015ft\u00fck. Sa\u011fl\u0131k durumu \u00e7ok iyi, tabii ki susuz kald\u0131\u011f\u0131 i\u00e7in kendisi bitkin halde bulundu. Hur\u015fit amcam\u0131z kendine herhangi bir s\u0131k\u0131nt\u0131s\u0131 yok. Bulundu\u011fumuz rak\u0131m zaten y\u00fcksek. Hur\u015fit amcam\u0131z\u0131n bulundu\u011fu rak\u0131m da bin 400 rak\u0131ml\u0131. Ortalama oradan inmesi de 3-4 saati bulur&#8221; diye konu\u015ftu.<\/p>\n<p>&#8220;3 saat yap\u0131lacak olan \u00e7al\u0131\u015fman\u0131n ard\u0131ndan indirilecek&#8221;<br \/>\n<br \/>B\u00f6lge sakinlerinden Mesut Vural, &#8220;Hur\u015fit Y\u0131ld\u0131r\u0131m isimli amcam\u0131z\u0131n y\u00fcr\u00fcy\u00fc\u015fe \u00e7\u0131kt\u0131\u011f\u0131n\u0131 duyduk. 3 g\u00fcn s\u00fcren aramalar\u0131na kar\u015f\u0131l\u0131k bulundu\u011fu s\u00f6ylenildi. Benim \u00e7ocuklu\u011fum burada ge\u00e7ti. 3 saat yap\u0131lacak olan \u00e7al\u0131\u015fman\u0131n ard\u0131ndan indirilecek&#8221; ifadelerini kulland\u0131.<br \/>\n<br \/>Yeri tespit edilen Y\u0131ld\u0131r\u0131m\u2019a ekipler ula\u015f\u0131rken, rak\u0131m\u0131n y\u00fcksek olmas\u0131ndan dolay\u0131 ya\u015fl\u0131 adam\u0131n\u0131n da\u011fdan indirilme \u00e7al\u0131\u015fmalar\u0131 devam ediyor.<br \/><\/p>\n","protected":false},"excerpt":{"rendered":"<p>Isparta\u2019n\u0131n E\u011firdir il\u00e7esinde 3 g\u00fcn \u00f6nce kaybolan ve b\u00f6lgedeki bir \u00e7oban taraf\u0131ndan bulunan ya\u015fl\u0131 adam, &#8220;Geceyi \u00e7ok k\u00f6t\u00fc ge\u00e7irdim. Geceleri titredim ancak askerli\u011fimi komando olarak yapt\u0131\u011f\u0131mdan dolay\u0131 dayand\u0131m&#8221; dedi. Edinilen bilgiye g\u00f6re, E\u011firdir il\u00e7esinde do\u011fa y\u00fcr\u00fcy\u00fc\u015f\u00fcne \u00e7\u0131kan 75 ya\u015f\u0131ndaki Hur\u015fit Y\u0131ld\u0131r\u0131m, Oluklac\u0131 Tepesi civar\u0131nda kayboldu. Cumartesi sabah\u0131ndan bu yana kendisinden haber al\u0131namayan Y\u0131ld\u0131r\u0131m\u2019\u0131 arama \u00e7al\u0131\u015fmalar\u0131&#8230;<\/p>\n","protected":false},"author":1,"featured_media":61359,"comment_status":"open","ping_status":"open","sticky":false,"template":"","format":"standard","meta":{"_crdt_document":"","footnotes":""},"categories":[5],"tags":[],"class_list":["post-61358","post","type-post","status-publish","format-standard","has-post-thumbnail","hentry","category-asayis"],"_links":{"self":[{"href":"https:\/\/www.egemtv.com\/index.php?rest_route=\/wp\/v2\/posts\/61358","targetHints":{"allow":["GET"]}}],"collection":[{"href":"https:\/\/www.egemtv.com\/index.php?rest_route=\/wp\/v2\/posts"}],"about":[{"href":"https:\/\/www.egemtv.com\/index.php?rest_route=\/wp\/v2\/types\/post"}],"author":[{"embeddable":true,"href":"https:\/\/www.egemtv.com\/index.php?rest_route=\/wp\/v2\/users\/1"}],"replies":[{"embeddable":true,"href":"https:\/\/www.egemtv.com\/index.php?rest_route=%2Fwp%2Fv2%2Fcomments&post=61358"}],"version-history":[{"count":1,"href":"https:\/\/www.egemtv.com\/index.php?rest_route=\/wp\/v2\/posts\/61358\/revisions"}],"predecessor-version":[{"id":61360,"href":"https:\/\/www.egemtv.com\/index.php?rest_route=\/wp\/v2\/posts\/61358\/revisions\/61360"}],"wp:featuredmedia":[{"embeddable":true,"href":"https:\/\/www.egemtv.com\/index.php?rest_route=\/wp\/v2\/media\/61359"}],"wp:attachment":[{"href":"https:\/\/www.egemtv.com\/index.php?rest_route=%2Fwp%2Fv2%2Fmedia&parent=61358"}],"wp:term":[{"taxonomy":"category","embeddable":true,"href":"https:\/\/www.egemtv.com\/index.php?rest_route=%2Fwp%2Fv2%2Fcategories&post=61358"},{"taxonomy":"post_tag","embeddable":true,"href":"https:\/\/www.egemtv.com\/index.php?rest_route=%2Fwp%2Fv2%2Ftags&post=61358"}],"curies":[{"name":"wp","href":"https:\/\/api.w.org\/{rel}","templated":true}]}}