{"id":61355,"date":"2025-10-14T15:55:17","date_gmt":"2025-10-14T12:55:17","guid":{"rendered":"https:\/\/www.egemtv.com\/?p=61355"},"modified":"2025-10-14T15:55:18","modified_gmt":"2025-10-14T12:55:18","slug":"sitki-kocman-vefatinin-20nci-yilinda-mskude-anildi","status":"publish","type":"post","link":"https:\/\/www.egemtv.com\/?p=61355","title":{"rendered":"S\u0131tk\u0131 Ko\u00e7man, vefat\u0131n\u0131n 20\u2019nci y\u0131l\u0131nda MSK\u00dc\u2019de an\u0131ld\u0131"},"content":{"rendered":"<p>Mu\u011fla S\u0131tk\u0131 Ko\u00e7man \u00dcniversitesi\u2019nin hamisi, hay\u0131rsever i\u015fadam\u0131 S\u0131tk\u0131 Davut Ko\u00e7man isminin verildi\u011fi Mu\u011fla S\u0131tk\u0131 Ko\u00e7man \u00dcniversitesinde \u00dcniversite ve S\u0131tk\u0131 Ko\u00e7man Vakf\u0131 i\u015fbirli\u011finde d\u00fczenlenen t\u00f6ren ile an\u0131ld\u0131.<br \/>\n<br \/>\u00dcniversite Atat\u00fcrk K\u00fclt\u00fcr Merkezi 15 Temmuz Demokrasi \u015eehitleri salonunda d\u00fczenlenen S\u0131tk\u0131 Davut Ko\u00e7man\u2019\u0131 anma t\u00f6reni hay\u0131rsever i\u015fadam\u0131n\u0131n ya\u015fam\u0131ndan kesitlerin yer ald\u0131\u011f\u0131 belgesel g\u00f6sterimi ile ba\u015flad\u0131. T\u00f6rende S\u0131tk\u0131 Davut Ko\u00e7man 4. Ulusal Resim Yar\u0131\u015fmas\u0131 Sergisi ve S\u0131tk\u0131 Davut Ko\u00e7man foto\u011fraf sergisi de yer ald\u0131. Yar\u0131\u015fmada dereceye girenlerin \u00f6d\u00fclleri d\u00fczenlenen anma t\u00f6reninde verildi.<br \/>\n<br \/>T\u00f6rene Mu\u011fla S\u0131tk\u0131 Ko\u00e7man \u00dcniversitesi Rekt\u00f6r\u00fc Prof. Dr. Turhan Ka\u00e7ar, S\u0131tk\u0131 Davut Ko\u00e7man\u2019\u0131n torunu S\u0131tk\u0131 Ko\u00e7man Vakf\u0131 Ba\u015fkan\u0131 Alan Perese, Mente\u015fe Belediye Ba\u015fkan Vekili Seda Uslu, Rekt\u00f6r Yard\u0131mc\u0131lar\u0131 Vakf\u0131 Y\u00f6netimi, \u00f6\u011fretim \u00fcyeleri ve \u00f6\u011frenciler kat\u0131ld\u0131.<br \/>\n<br \/>T\u00f6rende konu\u015fan Mu\u011fla S\u0131tk\u0131 Ko\u00e7man Vakf\u0131 Ba\u015fkan Mustafa Acar, &#8220;Vakf\u0131m\u0131z\u0131n kurucusu, hay\u0131rsever i\u015fadam\u0131 S\u0131tk\u0131 Davut Koman\u2019\u0131 \u00f6l\u00fcm\u00fcn\u00fcn 20. y\u0131l d\u00f6neminde sayg\u0131yla, minnetle, \u015f\u00fckranla anarken, \u00e7a\u011fda\u015f e\u011fitime, \u00fcniversitemize ve Mu\u011fla\u2019m\u0131za yapt\u0131\u011f\u0131 hizmetler hi\u00e7bir zaman unutulmayacak. Bizler de onun b\u0131rakt\u0131\u011f\u0131 yoldan ayn\u0131 \u015fevk ve heyecanla hizmet vermeye devam edece\u011fiz. \u00d6ncelikle sevdal\u0131s\u0131 oldu\u011fu Mu\u011fla\u2019ya ve kurulu\u015fundan itibaren Mu\u011fla \u00dcniversitemize b\u00fcy\u00fck katk\u0131 sa\u011flam\u0131\u015f, 100 bin metrekare bir kapal\u0131 alan kazand\u0131rm\u0131\u015ft\u0131r. Bu destek devam etmektedir. Merhum S\u0131tk\u0131 Davut Ko\u00e7man bir Mu\u011fla sevdal\u0131s\u0131d\u0131r. \u2018Ben burada kazand\u0131m, Mu\u011fla\u2019ya, \u00dcniversiteye ve \u00e7a\u011fda\u015f e\u011fitime destek olaca\u011f\u0131m\u2019 diyerek bu duygusunu payla\u015fm\u0131\u015ft\u0131r&#8221; dedi.<br \/>\n<br \/>S\u0131tk\u0131 Davut Ko\u00e7man, yaln\u0131zca kazanc\u0131n\u0131 payla\u015fan bir hay\u0131rsever de\u011fil; ayn\u0131 zamanda e\u011fitimin, eme\u011fin ve insan sevgisinin g\u00fcc\u00fcne inanan \u00f6rnek bir insand\u0131. Cumhuriyetin ilk y\u0131llar\u0131nda ald\u0131\u011f\u0131 m\u00fchendislik e\u011fitimiyle ba\u015flad\u0131\u011f\u0131 yolculu\u011funu, \u00fclkesinin kalk\u0131nmas\u0131na adad\u0131\u011f\u0131 uzun bir \u00f6m\u00fcrle ta\u00e7land\u0131rm\u0131\u015ft\u0131r. S\u0131tk\u0131 Davut Ko\u00e7man, e\u011fitime inanan, gen\u00e7lere umut olan ve gelece\u011fe in\u015fa etti\u011fi de\u011ferlerle \u00f6rnek al\u0131nacak bir insand\u0131. Elde etti\u011fi her kazan\u0131m\u0131 toplumun faydas\u0131na d\u00f6n\u00fc\u015ft\u00fcrmeyi, bilgi ve iyili\u011fi kal\u0131c\u0131 k\u0131lman\u0131n en anlaml\u0131 yolu olarak g\u00f6rm\u00fc\u015ft\u00fc. S\u0131tk\u0131 Davut Ko\u00e7man\u2019\u0131n bizlere b\u0131rakt\u0131\u011f\u0131 en b\u00fcy\u00fck miras, yaln\u0131zca binalarda ya da kamp\u00fcslerde de\u011fil; d\u00fc\u015f\u00fcnme bi\u00e7imimizdedir. O, e\u011fitimin g\u00fcc\u00fcyle toplumu d\u00f6n\u00fc\u015ft\u00fcrmeyi, bilginin ve iyili\u011fin kal\u0131c\u0131 olmas\u0131n\u0131 hedeflemi\u015ftir. Bu anlay\u0131\u015f, \u00fcniversitemizi yaln\u0131zca bir e\u011fitim kurumu olmaktan \u00e7\u0131kar\u0131p, insana, bilgiye ve sanata de\u011fer veren bir ya\u015fam alan\u0131na d\u00f6n\u00fc\u015ft\u00fcrm\u00fc\u015ft\u00fcr. Bug\u00fcn burada, onun hayal etti\u011fi o vizyonun i\u00e7inde ya\u015f\u0131yor, \u00fcretiyor ve gelece\u011fi \u015fekillendiriyoruz. Bu vizyonun bir yans\u0131mas\u0131 olarak, \u00fcniversitemiz yaln\u0131zca bilim \u00fcretmekle kalm\u0131yor; ayn\u0131 zamanda bilimi, k\u00fclt\u00fcr\u00fc ve sanat\u0131 bir b\u00fct\u00fcn olarak ele al\u0131yor. Merhum S\u0131tk\u0131 Davut Ko\u00e7man\u2019\u0131 bir kez daha rahmet, minnet ve sayg\u0131yla an\u0131yor; sergilenen \u00e7al\u0131\u015fmalar\u0131n \u00fcniversitemizin k\u00fclt\u00fcr ve sanat hayat\u0131na kal\u0131c\u0131 katk\u0131lar sunmas\u0131n\u0131 diliyorum&#8221; dedi.<br \/>\n<br \/>T\u00f6rende S\u0131tk\u0131 Davut Ko\u00e7man 4. Ulusal Resim Yar\u0131\u015fmas\u0131nda dereceye girenlerin \u00f6d\u00fclleri Rekt\u00f6r Prof. Dr. Turhan ka\u00e7ar, Merhum S\u0131tk\u0131 Davut Ko\u00e7man\u2019\u0131n torunu Alan Perese ve S\u0131tk\u0131 Ko\u00e7man Vakf\u0131 Ba\u015fkan\u0131 Yard\u0131mc\u0131s\u0131 Mustafa Acar taraf\u0131ndan verildi.<br \/><\/p>\n","protected":false},"excerpt":{"rendered":"<p>Mu\u011fla S\u0131tk\u0131 Ko\u00e7man \u00dcniversitesi\u2019nin hamisi, hay\u0131rsever i\u015fadam\u0131 S\u0131tk\u0131 Davut Ko\u00e7man isminin verildi\u011fi Mu\u011fla S\u0131tk\u0131 Ko\u00e7man \u00dcniversitesinde \u00dcniversite ve S\u0131tk\u0131 Ko\u00e7man Vakf\u0131 i\u015fbirli\u011finde d\u00fczenlenen t\u00f6ren ile an\u0131ld\u0131. \u00dcniversite Atat\u00fcrk K\u00fclt\u00fcr Merkezi 15 Temmuz Demokrasi \u015eehitleri salonunda d\u00fczenlenen S\u0131tk\u0131 Davut Ko\u00e7man\u2019\u0131 anma t\u00f6reni hay\u0131rsever i\u015fadam\u0131n\u0131n ya\u015fam\u0131ndan kesitlerin yer ald\u0131\u011f\u0131 belgesel g\u00f6sterimi ile ba\u015flad\u0131. T\u00f6rende S\u0131tk\u0131 Davut Ko\u00e7man&#8230;<\/p>\n","protected":false},"author":1,"featured_media":61356,"comment_status":"open","ping_status":"open","sticky":false,"template":"","format":"standard","meta":{"_crdt_document":"","footnotes":""},"categories":[123],"tags":[],"class_list":["post-61355","post","type-post","status-publish","format-standard","has-post-thumbnail","hentry","category-gundem"],"_links":{"self":[{"href":"https:\/\/www.egemtv.com\/index.php?rest_route=\/wp\/v2\/posts\/61355","targetHints":{"allow":["GET"]}}],"collection":[{"href":"https:\/\/www.egemtv.com\/index.php?rest_route=\/wp\/v2\/posts"}],"about":[{"href":"https:\/\/www.egemtv.com\/index.php?rest_route=\/wp\/v2\/types\/post"}],"author":[{"embeddable":true,"href":"https:\/\/www.egemtv.com\/index.php?rest_route=\/wp\/v2\/users\/1"}],"replies":[{"embeddable":true,"href":"https:\/\/www.egemtv.com\/index.php?rest_route=%2Fwp%2Fv2%2Fcomments&post=61355"}],"version-history":[{"count":1,"href":"https:\/\/www.egemtv.com\/index.php?rest_route=\/wp\/v2\/posts\/61355\/revisions"}],"predecessor-version":[{"id":61357,"href":"https:\/\/www.egemtv.com\/index.php?rest_route=\/wp\/v2\/posts\/61355\/revisions\/61357"}],"wp:featuredmedia":[{"embeddable":true,"href":"https:\/\/www.egemtv.com\/index.php?rest_route=\/wp\/v2\/media\/61356"}],"wp:attachment":[{"href":"https:\/\/www.egemtv.com\/index.php?rest_route=%2Fwp%2Fv2%2Fmedia&parent=61355"}],"wp:term":[{"taxonomy":"category","embeddable":true,"href":"https:\/\/www.egemtv.com\/index.php?rest_route=%2Fwp%2Fv2%2Fcategories&post=61355"},{"taxonomy":"post_tag","embeddable":true,"href":"https:\/\/www.egemtv.com\/index.php?rest_route=%2Fwp%2Fv2%2Ftags&post=61355"}],"curies":[{"name":"wp","href":"https:\/\/api.w.org\/{rel}","templated":true}]}}