{"id":61352,"date":"2025-10-14T15:55:13","date_gmt":"2025-10-14T12:55:13","guid":{"rendered":"https:\/\/www.egemtv.com\/?p=61352"},"modified":"2025-10-14T15:55:15","modified_gmt":"2025-10-14T12:55:15","slug":"halikarnas-balikcisi-bodrumda-anildi","status":"publish","type":"post","link":"https:\/\/www.egemtv.com\/?p=61352","title":{"rendered":"Halikarnas Bal\u0131k\u00e7\u0131s\u0131 Bodrum\u2019da an\u0131ld\u0131"},"content":{"rendered":"<p>Bodrum\u2019a iz b\u0131rakan isimlerden biri olan Halikarnas Bal\u0131k\u00e7\u0131s\u0131 (Cevat \u015eakir Kabaa\u011fa\u00e7l\u0131), vefat\u0131n\u0131n 52\u2019nci ve Bodrum\u2019a s\u00fcrg\u00fcn edili\u015finin 100\u2019\u00fcnc\u00fc y\u0131l\u0131 kapsam\u0131nda \u00e7e\u015fitli etkinliklerle an\u0131ld\u0131.<\/p>\n<p>Anma etkinlikleri kapsam\u0131nda Bodrum Deniz M\u00fczesi \u00f6nc\u00fcl\u00fc\u011f\u00fcnde &#8220;Halikarnas Bal\u0131k\u00e7\u0131s\u0131\u2019n\u0131n Bitki Miras\u0131 Kent Turu&#8221; d\u00fczenlendi. E\u011fitimci Hatice Orman rehberli\u011finde ger\u00e7ekle\u015fen kent turunda kat\u0131l\u0131mc\u0131lar, Halikarnas Bal\u0131k\u00e7\u0131s\u0131\u2019n\u0131n Bodrum\u2019a kazand\u0131rd\u0131\u011f\u0131 bitkilerin izini s\u00fcrd\u00fc. Tur boyunca Halikarnas Mozolesi, Belediye Meydan\u0131 ve \u00e7evresindeki \u00f6nemli noktalar gezildi.<\/p>\n<p>Halikarnas Bal\u0131k\u00e7\u0131s\u0131\u2019n\u0131 anma program\u0131 kapsam\u0131nda, Bodrum Denizciler Derne\u011fi\u2019nde Bodrum Deniz M\u00fczesi Yay\u0131nlar\u0131\u2019n\u0131n 8. kitab\u0131 &#8220;Biz S\u00fcngerciler: Ya\u015fad\u0131klar\u0131m\u0131z, Hat\u0131ralar\u0131m\u0131z&#8221; kitab\u0131n\u0131n tan\u0131t\u0131m ve imza etkinli\u011fi ger\u00e7ekle\u015ftirildi.<br \/>\n<br \/>Etkinli\u011fe Genel Koordinat\u00f6r Meclis \u00dcyesi Emel \u00c7akalo\u011flu, Bodrum Deniz M\u00fczesi M\u00fcd\u00fcr\u00fc Selen Cambazo\u011flu, i\u015f insan\u0131 Mustafa Cem ve yazar Meltem Ulu kat\u0131ld\u0131.<\/p>\n<p>M\u00fcze taraf\u0131ndan y\u00fcr\u00fct\u00fclen s\u00f6zl\u00fc tarih \u00e7al\u0131\u015fmalar\u0131n\u0131n \u00e7\u0131kt\u0131s\u0131 olan kitap Dr. Meltem Ulu taraf\u0131ndan kaleme al\u0131nd\u0131. Kitapta, Bodrum\u2019da ya\u015fayan s\u00fcnger avc\u0131lar\u0131, bu alanda \u00e7al\u0131\u015fm\u0131\u015f kad\u0131nlar, arkeologlar, deniz feneri bek\u00e7ileri, tekne yap\u0131m ustalar\u0131 ve koleksiyonerlerle yap\u0131lan g\u00f6r\u00fc\u015fmeler yer al\u0131yor. Kitap, denize adanm\u0131\u015f hayatlar\u0131 ve s\u00fcngercilerin ya\u015fanm\u0131\u015f hikayelerini bir araya getirerek deniz k\u00fclt\u00fcr\u00fcn\u00fcn \u00f6nemini bir kez daha hat\u0131rlat\u0131yor.<br \/><\/p>\n","protected":false},"excerpt":{"rendered":"<p>Bodrum\u2019a iz b\u0131rakan isimlerden biri olan Halikarnas Bal\u0131k\u00e7\u0131s\u0131 (Cevat \u015eakir Kabaa\u011fa\u00e7l\u0131), vefat\u0131n\u0131n 52\u2019nci ve Bodrum\u2019a s\u00fcrg\u00fcn edili\u015finin 100\u2019\u00fcnc\u00fc y\u0131l\u0131 kapsam\u0131nda \u00e7e\u015fitli etkinliklerle an\u0131ld\u0131. Anma etkinlikleri kapsam\u0131nda Bodrum Deniz M\u00fczesi \u00f6nc\u00fcl\u00fc\u011f\u00fcnde &#8220;Halikarnas Bal\u0131k\u00e7\u0131s\u0131\u2019n\u0131n Bitki Miras\u0131 Kent Turu&#8221; d\u00fczenlendi. E\u011fitimci Hatice Orman rehberli\u011finde ger\u00e7ekle\u015fen kent turunda kat\u0131l\u0131mc\u0131lar, Halikarnas Bal\u0131k\u00e7\u0131s\u0131\u2019n\u0131n Bodrum\u2019a kazand\u0131rd\u0131\u011f\u0131 bitkilerin izini s\u00fcrd\u00fc. Tur boyunca Halikarnas&#8230;<\/p>\n","protected":false},"author":1,"featured_media":61353,"comment_status":"open","ping_status":"open","sticky":false,"template":"","format":"standard","meta":{"_crdt_document":"","footnotes":""},"categories":[1],"tags":[],"class_list":["post-61352","post","type-post","status-publish","format-standard","has-post-thumbnail","hentry","category-guncel"],"_links":{"self":[{"href":"https:\/\/www.egemtv.com\/index.php?rest_route=\/wp\/v2\/posts\/61352","targetHints":{"allow":["GET"]}}],"collection":[{"href":"https:\/\/www.egemtv.com\/index.php?rest_route=\/wp\/v2\/posts"}],"about":[{"href":"https:\/\/www.egemtv.com\/index.php?rest_route=\/wp\/v2\/types\/post"}],"author":[{"embeddable":true,"href":"https:\/\/www.egemtv.com\/index.php?rest_route=\/wp\/v2\/users\/1"}],"replies":[{"embeddable":true,"href":"https:\/\/www.egemtv.com\/index.php?rest_route=%2Fwp%2Fv2%2Fcomments&post=61352"}],"version-history":[{"count":1,"href":"https:\/\/www.egemtv.com\/index.php?rest_route=\/wp\/v2\/posts\/61352\/revisions"}],"predecessor-version":[{"id":61354,"href":"https:\/\/www.egemtv.com\/index.php?rest_route=\/wp\/v2\/posts\/61352\/revisions\/61354"}],"wp:featuredmedia":[{"embeddable":true,"href":"https:\/\/www.egemtv.com\/index.php?rest_route=\/wp\/v2\/media\/61353"}],"wp:attachment":[{"href":"https:\/\/www.egemtv.com\/index.php?rest_route=%2Fwp%2Fv2%2Fmedia&parent=61352"}],"wp:term":[{"taxonomy":"category","embeddable":true,"href":"https:\/\/www.egemtv.com\/index.php?rest_route=%2Fwp%2Fv2%2Fcategories&post=61352"},{"taxonomy":"post_tag","embeddable":true,"href":"https:\/\/www.egemtv.com\/index.php?rest_route=%2Fwp%2Fv2%2Ftags&post=61352"}],"curies":[{"name":"wp","href":"https:\/\/api.w.org\/{rel}","templated":true}]}}