{"id":61349,"date":"2025-10-14T15:35:55","date_gmt":"2025-10-14T12:35:55","guid":{"rendered":"https:\/\/www.egemtv.com\/?p=61349"},"modified":"2025-10-14T15:35:57","modified_gmt":"2025-10-14T12:35:57","slug":"cevreyi-kirletti-kameralardan-kacamadi","status":"publish","type":"post","link":"https:\/\/www.egemtv.com\/?p=61349","title":{"rendered":"\u00c7evreyi kirletti, kameralardan ka\u00e7amad\u0131"},"content":{"rendered":"<p>Ayd\u0131n\u2019\u0131n Efeler il\u00e7esi Bal\u0131kk\u00f6y Mahallesi\u2019nde moloz d\u00f6kerek \u00e7evre kirlili\u011fine neden olan ve g\u00fcvenlik kameralar\u0131nca tespit edilen \u015fahsa para cezas\u0131 kesildi.<\/p>\n<p>Bal\u0131kk\u00f6y Mahallesi\u2019nde \u00e7evreye moloz d\u00f6ken bir ki\u015fi, g\u00fcvenlik kameralar\u0131na yakaland\u0131. Ekiplerin takibi sonucu kimli\u011fi tespit edilen \u015fahsa, 5326 say\u0131l\u0131 Kabahatler Kanunu kapsam\u0131nda idari para cezas\u0131 uyguland\u0131. Mahallede daha \u00f6nce s\u0131k s\u0131k moloz d\u00f6kme vakalar\u0131n\u0131n ya\u015fand\u0131\u011f\u0131 alan, \u00e7evre kirlili\u011finin \u00f6n\u00fcne ge\u00e7mek amac\u0131yla g\u00fcvenlik kameralar\u0131yla izlenmeye ba\u015flanm\u0131\u015f ve uyar\u0131 tabelalar\u0131 yerle\u015ftirilmi\u015fti. Yetkililer, \u00e7evreyi kirleten hi\u00e7bir davran\u0131\u015fa m\u00fcsamaha g\u00f6sterilmeyece\u011fini belirterek, denetimlerin aral\u0131ks\u0131z s\u00fcrece\u011fini s\u00f6yledi.<br \/><\/p>\n","protected":false},"excerpt":{"rendered":"<p>Ayd\u0131n\u2019\u0131n Efeler il\u00e7esi Bal\u0131kk\u00f6y Mahallesi\u2019nde moloz d\u00f6kerek \u00e7evre kirlili\u011fine neden olan ve g\u00fcvenlik kameralar\u0131nca tespit edilen \u015fahsa para cezas\u0131 kesildi. Bal\u0131kk\u00f6y Mahallesi\u2019nde \u00e7evreye moloz d\u00f6ken bir ki\u015fi, g\u00fcvenlik kameralar\u0131na yakaland\u0131. Ekiplerin takibi sonucu kimli\u011fi tespit edilen \u015fahsa, 5326 say\u0131l\u0131 Kabahatler Kanunu kapsam\u0131nda idari para cezas\u0131 uyguland\u0131. Mahallede daha \u00f6nce s\u0131k s\u0131k moloz d\u00f6kme vakalar\u0131n\u0131n ya\u015fand\u0131\u011f\u0131&#8230;<\/p>\n","protected":false},"author":1,"featured_media":61350,"comment_status":"open","ping_status":"open","sticky":false,"template":"","format":"standard","meta":{"_crdt_document":"","footnotes":""},"categories":[1],"tags":[],"class_list":["post-61349","post","type-post","status-publish","format-standard","has-post-thumbnail","hentry","category-guncel"],"_links":{"self":[{"href":"https:\/\/www.egemtv.com\/index.php?rest_route=\/wp\/v2\/posts\/61349","targetHints":{"allow":["GET"]}}],"collection":[{"href":"https:\/\/www.egemtv.com\/index.php?rest_route=\/wp\/v2\/posts"}],"about":[{"href":"https:\/\/www.egemtv.com\/index.php?rest_route=\/wp\/v2\/types\/post"}],"author":[{"embeddable":true,"href":"https:\/\/www.egemtv.com\/index.php?rest_route=\/wp\/v2\/users\/1"}],"replies":[{"embeddable":true,"href":"https:\/\/www.egemtv.com\/index.php?rest_route=%2Fwp%2Fv2%2Fcomments&post=61349"}],"version-history":[{"count":1,"href":"https:\/\/www.egemtv.com\/index.php?rest_route=\/wp\/v2\/posts\/61349\/revisions"}],"predecessor-version":[{"id":61351,"href":"https:\/\/www.egemtv.com\/index.php?rest_route=\/wp\/v2\/posts\/61349\/revisions\/61351"}],"wp:featuredmedia":[{"embeddable":true,"href":"https:\/\/www.egemtv.com\/index.php?rest_route=\/wp\/v2\/media\/61350"}],"wp:attachment":[{"href":"https:\/\/www.egemtv.com\/index.php?rest_route=%2Fwp%2Fv2%2Fmedia&parent=61349"}],"wp:term":[{"taxonomy":"category","embeddable":true,"href":"https:\/\/www.egemtv.com\/index.php?rest_route=%2Fwp%2Fv2%2Fcategories&post=61349"},{"taxonomy":"post_tag","embeddable":true,"href":"https:\/\/www.egemtv.com\/index.php?rest_route=%2Fwp%2Fv2%2Ftags&post=61349"}],"curies":[{"name":"wp","href":"https:\/\/api.w.org\/{rel}","templated":true}]}}