{"id":61343,"date":"2025-10-14T15:35:44","date_gmt":"2025-10-14T12:35:44","guid":{"rendered":"https:\/\/www.egemtv.com\/?p=61343"},"modified":"2025-10-14T15:35:50","modified_gmt":"2025-10-14T12:35:50","slug":"aren-bebegi-hastanelik-eden-caninin-yargilanmasina-devam-edildi","status":"publish","type":"post","link":"https:\/\/www.egemtv.com\/?p=61343","title":{"rendered":"Aren bebe\u011fi hastanelik eden caninin yarg\u0131lanmas\u0131na devam edildi"},"content":{"rendered":"<p>Denizli\u2019de 2 ya\u015f\u0131ndaki Aren bebe\u011fi darp ederek hastanelik eden annesinin sevgilisinin ve annesinin yarg\u0131lanmas\u0131na devam edildi. Aren bebe\u011fin annesinin zorla getirilme karar\u0131na ra\u011fmen duru\u015fmaya kat\u0131lmamas\u0131 hakk\u0131nda avukat Ecem \u00c7a\u011fatay, &#8220;Annenin sorumlu bir anne davran\u0131\u015f\u0131 sergilemedi\u011fi kanaatindeyiz&#8221; dedi.<\/p>\n<p>30 Nisan 2025 tarihinde Sarayk\u00f6y il\u00e7esine ba\u011fl\u0131 A\u015fa\u011f\u0131mahalle\u2019de meydana gelen olayda; e\u015finden bir s\u00fcre \u00f6nce bo\u015fanan S.B.D., ba\u015f\u0131, y\u00fcz\u00fc, s\u0131rt\u0131 ve v\u00fccudunun \u00e7e\u015fitli yerlerinde darp izleri bulunan 2 ya\u015f\u0131ndaki o\u011flu Aren\u2019i Sarayk\u00f6y Devlet Hastanesi\u2019ne getirdi. Ald\u0131\u011f\u0131 darbe nedeniyle sa\u011f g\u00f6z\u00fc tamamen kapanan ve sa\u011f kolunda yara olu\u015fan bebe\u011fin v\u00fccudunda olu\u015fan darp izlerinden \u015f\u00fcphelenen hastane personelinin durumu polis ekiplerine bildirmesi \u00fczerine ara\u015ft\u0131rma ba\u015flat\u0131ld\u0131. Konuyla ilgili olarak ifadesine ba\u015fvurulan anne S.B.D., \u00e7ocu\u011funu birlikte ya\u015fad\u0131\u011f\u0131 erkek arkada\u015f\u0131 S.D.\u2019nin darp etti\u011fini \u00f6ne s\u00fcrd\u00fc. Ya\u015fanan olay\u0131n ard\u0131ndan ba\u015flat\u0131lan soru\u015fturmada Aren bebek koruma alt\u0131na al\u0131n\u0131rken, san\u0131k S.D. tutuklanarak cezaevine g\u00f6nderildi.<\/p>\n<p>Sarayk\u00f6y 2. Asliye Ceza Mahkemesinde bug\u00fcn g\u00f6r\u00fclen 3. duru\u015fmaya Ecem \u00c7a\u011fatay, Aile ve Sosyal Politikalar Bakanl\u0131\u011f\u0131n\u0131n avukatlar\u0131, san\u0131k S.D.\u2019nin avukat\u0131 salonda haz\u0131r bulundu. San\u0131k S.D., tutuklu bulundu\u011fu cezaevinden SEGB\u0130S (Ses ve G\u00f6r\u00fcnt\u00fc Bili\u015fim Sistemi) arac\u0131l\u0131\u011f\u0131yla duru\u015fmaya kat\u0131l\u0131rken anne S.B.D., zorla getirilme karar\u0131na ra\u011fmen duru\u015fmaya kat\u0131lmad\u0131. San\u0131k S.D., \u00f6nceki savunmas\u0131n\u0131 tekrarlayarak, Aren bebe\u011fi kendisinin darp etmedi\u011fini ve beraat\u0131n\u0131 talep etti. Aren bebe\u011fin hastaneden al\u0131nan ilk raporu ile daha sonraki s\u00fcre\u00e7te al\u0131nan kati rapor aras\u0131ndaki \u00e7eli\u015fkilerin giderilmesi i\u00e7in \u00f6nceki celsede iki raporun da Adli T\u0131p Kurumuna g\u00f6nderilerek g\u00f6r\u00fc\u015f al\u0131nmas\u0131na karar verilmi\u015fti. Bug\u00fcnk\u00fc duru\u015fmada ise Adli T\u0131p Kurumundan hen\u00fcz raporun d\u00f6n\u00fc\u015f\u00fcn olmad\u0131\u011f\u0131 belirtildi.<br \/>\n<br \/>Duru\u015fmaya verilen k\u0131sa aran\u0131n ard\u0131ndan mahkeme heyeti tutuklu san\u0131k S.D.\u2019nin tutukluluk halinin devam\u0131na karar vererek duru\u015fmay\u0131 erteledi.<\/p>\n<p>&#8220;Annenin sorumlu bir anne davran\u0131\u015f\u0131 sergilemedi\u011fi kanaatindeyiz&#8221;<br \/>\n<br \/>Hakk\u0131nda zorla getirilme karar\u0131na ra\u011fmen anne S.B.D.\u2019nin duru\u015fmaya kat\u0131lmad\u0131\u011f\u0131n\u0131 vurgulayan Aren bebe\u011fin avukat\u0131 Ecem \u00c7a\u011fatay, &#8220;Kendisini olay\u0131n ma\u011fduru olarak g\u00f6steren anne, duru\u015fmalara kat\u0131lm\u0131yor. Hakk\u0131nda zorla getirilme karar\u0131 olmas\u0131na ra\u011fmen yine duru\u015fmaya kat\u0131lmad\u0131. Adresine giden kolluk kuvvetleri kendisini adresinde bulamad\u0131. Burada anne S.B.D&#8221;., sorumlu bir annenin davran\u0131\u015flar\u0131n\u0131 sergilemedi\u011fi kanaatindeyiz. Anne S.B.D.\u2019nin de tutuklanmas\u0131na y\u00f6nelik talebimizi yineledik. Aren\u2019in babaannesinin de S.B.D.\u2019ye y\u00f6nelik \u015fikayetini geri \u00e7ekti\u011fini \u00f6\u011frendik. S\u00fcrecin takip\u00e7isi olmaya devam edece\u011fiz&#8221; dedi.<br \/><\/p>\n","protected":false},"excerpt":{"rendered":"<p>Denizli\u2019de 2 ya\u015f\u0131ndaki Aren bebe\u011fi darp ederek hastanelik eden annesinin sevgilisinin ve annesinin yarg\u0131lanmas\u0131na devam edildi. Aren bebe\u011fin annesinin zorla getirilme karar\u0131na ra\u011fmen duru\u015fmaya kat\u0131lmamas\u0131 hakk\u0131nda avukat Ecem \u00c7a\u011fatay, &#8220;Annenin sorumlu bir anne davran\u0131\u015f\u0131 sergilemedi\u011fi kanaatindeyiz&#8221; dedi. 30 Nisan 2025 tarihinde Sarayk\u00f6y il\u00e7esine ba\u011fl\u0131 A\u015fa\u011f\u0131mahalle\u2019de meydana gelen olayda; e\u015finden bir s\u00fcre \u00f6nce bo\u015fanan S.B.D., ba\u015f\u0131,&#8230;<\/p>\n","protected":false},"author":1,"featured_media":61344,"comment_status":"open","ping_status":"open","sticky":false,"template":"","format":"standard","meta":{"_crdt_document":"","footnotes":""},"categories":[5],"tags":[],"class_list":["post-61343","post","type-post","status-publish","format-standard","has-post-thumbnail","hentry","category-asayis"],"_links":{"self":[{"href":"https:\/\/www.egemtv.com\/index.php?rest_route=\/wp\/v2\/posts\/61343","targetHints":{"allow":["GET"]}}],"collection":[{"href":"https:\/\/www.egemtv.com\/index.php?rest_route=\/wp\/v2\/posts"}],"about":[{"href":"https:\/\/www.egemtv.com\/index.php?rest_route=\/wp\/v2\/types\/post"}],"author":[{"embeddable":true,"href":"https:\/\/www.egemtv.com\/index.php?rest_route=\/wp\/v2\/users\/1"}],"replies":[{"embeddable":true,"href":"https:\/\/www.egemtv.com\/index.php?rest_route=%2Fwp%2Fv2%2Fcomments&post=61343"}],"version-history":[{"count":1,"href":"https:\/\/www.egemtv.com\/index.php?rest_route=\/wp\/v2\/posts\/61343\/revisions"}],"predecessor-version":[{"id":61345,"href":"https:\/\/www.egemtv.com\/index.php?rest_route=\/wp\/v2\/posts\/61343\/revisions\/61345"}],"wp:featuredmedia":[{"embeddable":true,"href":"https:\/\/www.egemtv.com\/index.php?rest_route=\/wp\/v2\/media\/61344"}],"wp:attachment":[{"href":"https:\/\/www.egemtv.com\/index.php?rest_route=%2Fwp%2Fv2%2Fmedia&parent=61343"}],"wp:term":[{"taxonomy":"category","embeddable":true,"href":"https:\/\/www.egemtv.com\/index.php?rest_route=%2Fwp%2Fv2%2Fcategories&post=61343"},{"taxonomy":"post_tag","embeddable":true,"href":"https:\/\/www.egemtv.com\/index.php?rest_route=%2Fwp%2Fv2%2Ftags&post=61343"}],"curies":[{"name":"wp","href":"https:\/\/api.w.org\/{rel}","templated":true}]}}