{"id":61337,"date":"2025-10-14T15:35:33","date_gmt":"2025-10-14T12:35:33","guid":{"rendered":"https:\/\/www.egemtv.com\/?p=61337"},"modified":"2025-10-14T15:35:35","modified_gmt":"2025-10-14T12:35:35","slug":"efelerde-okul-mudurleri-bilgilendirildi","status":"publish","type":"post","link":"https:\/\/www.egemtv.com\/?p=61337","title":{"rendered":"Efeler\u2019de okul m\u00fcd\u00fcrleri bilgilendirildi"},"content":{"rendered":"<p>Efeler \u0130l\u00e7e Milli E\u011fitim M\u00fcd\u00fcrl\u00fc\u011f\u00fc, okul m\u00fcd\u00fcrlerine y\u00f6nelik d\u00fczenledi\u011fi toplant\u0131da \u00f6\u011fretmen denetiminde rehberlik yakla\u015f\u0131m\u0131n\u0131n ve muhakkiklik g\u00f6revlerinde adaletin \u00f6nemine dikkat \u00e7ekti.<\/p>\n<p>Efeler \u0130l\u00e7e Milli E\u011fitim M\u00fcd\u00fcrl\u00fc\u011f\u00fc, il\u00e7e genelindeki okul m\u00fcd\u00fcrlerinin kat\u0131l\u0131m\u0131yla &#8220;\u00d6\u011fretmen Denetimi ve Muhakkiklik G\u00f6revleri&#8221; konulu bir bilgilendirme toplant\u0131s\u0131 ger\u00e7ekle\u015ftirdi. Toplant\u0131n\u0131n a\u00e7\u0131l\u0131\u015f konu\u015fmas\u0131n\u0131 yapan Efeler \u0130l\u00e7e Milli E\u011fitim M\u00fcd\u00fcr\u00fc Hakan \u00d6zcan, e\u011fitimde kalitenin art\u0131r\u0131lmas\u0131 noktas\u0131nda okul y\u00f6neticilerinin \u00fcstlendi\u011fi iki kritik role vurgu yapt\u0131. M\u00fcd\u00fcr \u00d6zcan, \u00f6\u011fretmen denetiminin art\u0131k cezaland\u0131r\u0131c\u0131 bir &#8220;tefti\u015f&#8221; anlay\u0131\u015f\u0131yla de\u011fil, rehberlik eden bir yakla\u015f\u0131mla y\u00fcr\u00fct\u00fclmesi gerekti\u011fini belirterek, &#8220;Bu yeni yakla\u015f\u0131m, T\u00fcrkiye Y\u00fczy\u0131l\u0131 Maarif Modeli\u2019nin ruhuna uygundur. Amac\u0131m\u0131z eksik aramak de\u011fil, \u00f6\u011fretmenlerimize yol arkada\u015fl\u0131\u011f\u0131 yaparak e\u011fitim kalitemizi birlikte zirveye ta\u015f\u0131makt\u0131r&#8221; dedi.<\/p>\n<p>\u0130l\u00e7e Milli E\u011fitim M\u00fcd\u00fcr\u00fc \u00d6zcan, konu\u015fmas\u0131n\u0131n devam\u0131nda &#8220;Bir yanda \u00f6\u011fretmenlerimize rehberlik eden birer lider, di\u011fer yanda adaleti tesis eden birer idareci olarak sizlerin, T\u00fcrkiye Y\u00fczy\u0131l\u0131 Maarif Modeli \u0131\u015f\u0131\u011f\u0131nda ger\u00e7ekle\u015ftirdi\u011fimiz bu seminerle yeni ufuklar kazanarak il\u00e7emizin e\u011fitimdeki ba\u015far\u0131s\u0131n\u0131 daha da ileriye ta\u015f\u0131yaca\u011f\u0131n\u0131za y\u00fcrekten inan\u0131yorum&#8221; ifadelerine yer verdi.<\/p>\n<p>Toplant\u0131da ayr\u0131ca, idari bir sorumluluk olan inceleme ve soru\u015fturma s\u00fcre\u00e7lerine ili\u015fkin bilgilendirme de yap\u0131ld\u0131. Bu g\u00f6revlerin, hukukun \u00fcst\u00fcnl\u00fc\u011f\u00fc, tarafs\u0131zl\u0131k ve mutlak adalet ilkeleri \u00e7er\u00e7evesinde y\u00fcr\u00fct\u00fclmesi gerekti\u011fi vurguland\u0131. Kurumlardaki \u00e7al\u0131\u015fma bar\u0131\u015f\u0131n\u0131n bu ilkelerle korunaca\u011f\u0131 ifade edildi.<\/p>\n<p>Program, E\u011fitim M\u00fcfetti\u015fi \u015eafak Yeni\u00e7ulha ve Efeler Ortaokulu M\u00fcd\u00fcr\u00fc Arif Evci\u2019ye te\u015fekk\u00fcr edilmesiyle sona erdi.<br \/><\/p>\n","protected":false},"excerpt":{"rendered":"<p>Efeler \u0130l\u00e7e Milli E\u011fitim M\u00fcd\u00fcrl\u00fc\u011f\u00fc, okul m\u00fcd\u00fcrlerine y\u00f6nelik d\u00fczenledi\u011fi toplant\u0131da \u00f6\u011fretmen denetiminde rehberlik yakla\u015f\u0131m\u0131n\u0131n ve muhakkiklik g\u00f6revlerinde adaletin \u00f6nemine dikkat \u00e7ekti. Efeler \u0130l\u00e7e Milli E\u011fitim M\u00fcd\u00fcrl\u00fc\u011f\u00fc, il\u00e7e genelindeki okul m\u00fcd\u00fcrlerinin kat\u0131l\u0131m\u0131yla &#8220;\u00d6\u011fretmen Denetimi ve Muhakkiklik G\u00f6revleri&#8221; konulu bir bilgilendirme toplant\u0131s\u0131 ger\u00e7ekle\u015ftirdi. Toplant\u0131n\u0131n a\u00e7\u0131l\u0131\u015f konu\u015fmas\u0131n\u0131 yapan Efeler \u0130l\u00e7e Milli E\u011fitim M\u00fcd\u00fcr\u00fc Hakan \u00d6zcan, e\u011fitimde kalitenin art\u0131r\u0131lmas\u0131&#8230;<\/p>\n","protected":false},"author":1,"featured_media":61338,"comment_status":"open","ping_status":"open","sticky":false,"template":"","format":"standard","meta":{"_crdt_document":"","footnotes":""},"categories":[1],"tags":[],"class_list":["post-61337","post","type-post","status-publish","format-standard","has-post-thumbnail","hentry","category-guncel"],"_links":{"self":[{"href":"https:\/\/www.egemtv.com\/index.php?rest_route=\/wp\/v2\/posts\/61337","targetHints":{"allow":["GET"]}}],"collection":[{"href":"https:\/\/www.egemtv.com\/index.php?rest_route=\/wp\/v2\/posts"}],"about":[{"href":"https:\/\/www.egemtv.com\/index.php?rest_route=\/wp\/v2\/types\/post"}],"author":[{"embeddable":true,"href":"https:\/\/www.egemtv.com\/index.php?rest_route=\/wp\/v2\/users\/1"}],"replies":[{"embeddable":true,"href":"https:\/\/www.egemtv.com\/index.php?rest_route=%2Fwp%2Fv2%2Fcomments&post=61337"}],"version-history":[{"count":1,"href":"https:\/\/www.egemtv.com\/index.php?rest_route=\/wp\/v2\/posts\/61337\/revisions"}],"predecessor-version":[{"id":61339,"href":"https:\/\/www.egemtv.com\/index.php?rest_route=\/wp\/v2\/posts\/61337\/revisions\/61339"}],"wp:featuredmedia":[{"embeddable":true,"href":"https:\/\/www.egemtv.com\/index.php?rest_route=\/wp\/v2\/media\/61338"}],"wp:attachment":[{"href":"https:\/\/www.egemtv.com\/index.php?rest_route=%2Fwp%2Fv2%2Fmedia&parent=61337"}],"wp:term":[{"taxonomy":"category","embeddable":true,"href":"https:\/\/www.egemtv.com\/index.php?rest_route=%2Fwp%2Fv2%2Fcategories&post=61337"},{"taxonomy":"post_tag","embeddable":true,"href":"https:\/\/www.egemtv.com\/index.php?rest_route=%2Fwp%2Fv2%2Ftags&post=61337"}],"curies":[{"name":"wp","href":"https:\/\/api.w.org\/{rel}","templated":true}]}}