{"id":61334,"date":"2025-10-14T15:16:03","date_gmt":"2025-10-14T12:16:03","guid":{"rendered":"https:\/\/www.egemtv.com\/?p=61334"},"modified":"2025-10-14T15:16:06","modified_gmt":"2025-10-14T12:16:06","slug":"yunusemreli-guresci-kadir-kadiroglu-balkan-ucuncusu-oldu","status":"publish","type":"post","link":"https:\/\/www.egemtv.com\/?p=61334","title":{"rendered":"Yunusemreli g\u00fcre\u015f\u00e7i Kadir Kadiro\u011flu Balkan \u00fc\u00e7\u00fcnc\u00fcs\u00fc oldu"},"content":{"rendered":"<p>Yunusemre Belediyespor\u2019un 17 ya\u015f\u0131ndaki milli g\u00fcre\u015f\u00e7isi Kadir Kadiro\u011flu, Romanya\u2019n\u0131n Napoca kentinde d\u00fczenlenen U20 Grekoromen G\u00fcre\u015f Balkan \u015eampiyonas\u0131\u2019nda 63 kiloda bronz madalya kazand\u0131.<br \/>\n<br \/>Yunusemre Belediyespor\u2019un milli g\u00fcre\u015f\u00e7isi Kadir Kadiro\u011flu, Romanya\u2019n\u0131n Napoca kentinde d\u00fczenlenen U20 Grekoromen G\u00fcre\u015f Balkan \u015eampiyonas\u0131\u2019nda 63 kiloda \u00fc\u00e7\u00fcnc\u00fc olarak bronz madalyan\u0131n sahibi oldu. Yunusemre Belediyespor Ba\u015fkan\u0131 B\u00fclent Kanik, gen\u00e7 sporcuyu ve antren\u00f6rlerini kutlayarak, T\u00fcrk g\u00fcre\u015fine yeni y\u0131ld\u0131zlar kazand\u0131rmaya devam edeceklerini vurgulad\u0131. Kadir\u2019in hen\u00fcz U17 ya\u015f\u0131nda olmas\u0131na ra\u011fmen \u00fcst ya\u015f kategorisinde dereceye girmesinin, kul\u00fcb\u00fcn altyap\u0131 ba\u015far\u0131s\u0131n\u0131 ortaya koydu\u011funu belirten Kanik, \u015funlar\u0131 s\u00f6yledi: &#8220;Kadir, ya\u015f\u00e7a b\u00fcy\u00fck sporcularla ayn\u0131 mindere \u00e7\u0131k\u0131p k\u00fcrs\u00fcye \u00e7\u0131karak do\u011fru \u00e7al\u0131\u015fman\u0131n ne kadar \u00f6nemli oldu\u011funu herkese g\u00f6sterdi. Bu ba\u015far\u0131 sadece bireysel de\u011fil, ayn\u0131 zamanda kul\u00fcb\u00fcm\u00fcz\u00fcn gen\u00e7lere verdi\u011fi \u00f6nemin de bir yans\u0131mas\u0131d\u0131r. Sporcumuzu ve antren\u00f6rlerimizi g\u00f6n\u00fclden tebrik ediyorum. T\u00fcrk g\u00fcre\u015fine yeni y\u0131ld\u0131zlar kazand\u0131rmak i\u00e7in \u00e7al\u0131\u015fmalar\u0131m\u0131za ayn\u0131 inan\u00e7la devam edece\u011fiz.&#8221; Yunusemre Belediyespor G\u00fcre\u015f Antren\u00f6r\u00fc \u00d6mer Rona da \u00f6\u011frencisinin k\u0131sa zamanda g\u00f6sterdi\u011fi geli\u015fimden duydu\u011fu memnuniyeti dile getirerek, &#8220;Kadir g\u00fcre\u015fe 3,5 y\u0131l \u00f6nce ba\u015flad\u0131. Bu s\u00fcre\u00e7te 6 T\u00fcrkiye derecesi, 2 uluslararas\u0131 madalya elde etti. Balkan \u00fc\u00e7\u00fcnc\u00fcl\u00fc\u011f\u00fc de bu istikrarl\u0131 y\u00fckseli\u015fin sonucu. \u0130n\u015fallah gelecekte \u00e7ok daha b\u00fcy\u00fck ba\u015far\u0131lar kazanacak&#8221; ifadelerini kulland\u0131.<br \/><\/p>\n","protected":false},"excerpt":{"rendered":"<p>Yunusemre Belediyespor\u2019un 17 ya\u015f\u0131ndaki milli g\u00fcre\u015f\u00e7isi Kadir Kadiro\u011flu, Romanya\u2019n\u0131n Napoca kentinde d\u00fczenlenen U20 Grekoromen G\u00fcre\u015f Balkan \u015eampiyonas\u0131\u2019nda 63 kiloda bronz madalya kazand\u0131. Yunusemre Belediyespor\u2019un milli g\u00fcre\u015f\u00e7isi Kadir Kadiro\u011flu, Romanya\u2019n\u0131n Napoca kentinde d\u00fczenlenen U20 Grekoromen G\u00fcre\u015f Balkan \u015eampiyonas\u0131\u2019nda 63 kiloda \u00fc\u00e7\u00fcnc\u00fc olarak bronz madalyan\u0131n sahibi oldu. Yunusemre Belediyespor Ba\u015fkan\u0131 B\u00fclent Kanik, gen\u00e7 sporcuyu ve antren\u00f6rlerini kutlayarak,&#8230;<\/p>\n","protected":false},"author":1,"featured_media":61335,"comment_status":"open","ping_status":"open","sticky":false,"template":"","format":"standard","meta":{"_crdt_document":"","footnotes":""},"categories":[4],"tags":[],"class_list":["post-61334","post","type-post","status-publish","format-standard","has-post-thumbnail","hentry","category-spor"],"_links":{"self":[{"href":"https:\/\/www.egemtv.com\/index.php?rest_route=\/wp\/v2\/posts\/61334","targetHints":{"allow":["GET"]}}],"collection":[{"href":"https:\/\/www.egemtv.com\/index.php?rest_route=\/wp\/v2\/posts"}],"about":[{"href":"https:\/\/www.egemtv.com\/index.php?rest_route=\/wp\/v2\/types\/post"}],"author":[{"embeddable":true,"href":"https:\/\/www.egemtv.com\/index.php?rest_route=\/wp\/v2\/users\/1"}],"replies":[{"embeddable":true,"href":"https:\/\/www.egemtv.com\/index.php?rest_route=%2Fwp%2Fv2%2Fcomments&post=61334"}],"version-history":[{"count":1,"href":"https:\/\/www.egemtv.com\/index.php?rest_route=\/wp\/v2\/posts\/61334\/revisions"}],"predecessor-version":[{"id":61336,"href":"https:\/\/www.egemtv.com\/index.php?rest_route=\/wp\/v2\/posts\/61334\/revisions\/61336"}],"wp:featuredmedia":[{"embeddable":true,"href":"https:\/\/www.egemtv.com\/index.php?rest_route=\/wp\/v2\/media\/61335"}],"wp:attachment":[{"href":"https:\/\/www.egemtv.com\/index.php?rest_route=%2Fwp%2Fv2%2Fmedia&parent=61334"}],"wp:term":[{"taxonomy":"category","embeddable":true,"href":"https:\/\/www.egemtv.com\/index.php?rest_route=%2Fwp%2Fv2%2Fcategories&post=61334"},{"taxonomy":"post_tag","embeddable":true,"href":"https:\/\/www.egemtv.com\/index.php?rest_route=%2Fwp%2Fv2%2Ftags&post=61334"}],"curies":[{"name":"wp","href":"https:\/\/api.w.org\/{rel}","templated":true}]}}