{"id":6133,"date":"2025-01-10T10:35:39","date_gmt":"2025-01-10T07:35:39","guid":{"rendered":"https:\/\/www.egemtv.com\/?p=6133"},"modified":"2025-01-10T10:35:46","modified_gmt":"2025-01-10T07:35:46","slug":"berberlerden-ilginc-cikis-robotlarin-bizim-sektorde-hic-sansi-yok","status":"publish","type":"post","link":"https:\/\/www.egemtv.com\/?p=6133","title":{"rendered":"Berberlerden ilgin\u00e7 \u00e7\u0131k\u0131\u015f; &#8220;Robotlar\u0131n bizim sekt\u00f6rde hi\u00e7 \u015fans\u0131 yok&#8221;"},"content":{"rendered":"<p>Sosyal medyada dola\u015fan ve bir robotun Elon Musk\u2019\u0131 t\u0131ra\u015f eti\u011fine dair g\u00f6r\u00fcnt\u00fcler, berber esnaf\u0131n\u0131n tepkisini toplad\u0131. Bir robotun incelikleri bulunan berberli\u011fi yapamayaca\u011f\u0131n\u0131 savunan Denizli Berberler Odas\u0131 Ba\u015fkan\u0131 Yakup G\u00fcle\u00e7, &#8220;Robotlar\u0131n bizim sekt\u00f6rde hi\u00e7 \u015fans\u0131 yok&#8221; diyerek berberlik mesle\u011finin yerini hi\u00e7bir teknolojinin dolduramayaca\u011f\u0131n\u0131 belirtti.<\/p>\n<p>Son g\u00fcnlerde sosyal medyada dola\u015fan ve Elon Musk\u2019\u0131n bir robot taraf\u0131ndan t\u0131ra\u015f edildi\u011fini \u00f6ne s\u00fcren videolar, berberlerin tepkilerini de beraberinde getirdi. &#8220;Berberlerin sonu mu geliyor&#8221; sorular\u0131na ak\u0131llara getiren videolara, bir tepki de Denizli Berberler, Kuaf\u00f6rler ve G\u00fczellik Salonu \u0130\u015fletmeciler Odas\u0131 Ba\u015fkan\u0131 Yakup G\u00fcle\u00e7\u2019den geldi. G\u00f6r\u00fcnt\u00fclerin ve ard\u0131ndan yap\u0131lan yorumlar\u0131n komik oldu\u011funu ifade eden G\u00fcle\u00e7, ger\u00e7ekle ili\u015fkisi olmayan bu t\u00fcr videolar\u0131n berberli\u011fi d\u00fc\u015f\u00fcnen gen\u00e7leri meslekten so\u011futaca\u011f\u0131n\u0131 iddia etti.<\/p>\n<p>Geli\u015fen teknolojinin hayat\u0131n her alan\u0131na girmeye devam etti\u011fine i\u015faret eden Ba\u015fkan G\u00fcle\u00e7, yapt\u0131\u011f\u0131 a\u00e7\u0131klamada; &#8220;Berberleri, kuaf\u00f6rleri ve g\u00fczellik merkezlerini asla bir makine ile k\u0131yaslayamazs\u0131n\u0131z. Yarat\u0131l\u0131\u015f itibariyle insanlar\u0131n kafa yap\u0131lar\u0131, sa\u00e7 yap\u0131lar\u0131 ve kulak yap\u0131lar\u0131 farkl\u0131d\u0131r. Her sa\u00e7\u0131n kesimi ayn\u0131 de\u011fildir. Robotlarda insanlar taraf\u0131ndan y\u00fcklenmi\u015f bilgiler, program var. Onarlar bu kafa yap\u0131lar\u0131n\u0131 anlayamaz, anlasa bile hissedemez. Bizim i\u015fimiz hissetmeyi ve insani ba\u011flar\u0131 gerektiriyor. Bir makine bunu asla yapamaz. Bizim mesle\u011fimizin asala sonu gelemez. \u00c7\u00fcnk\u00fc bir robotun kalbi yok, ruhu yok, d\u00fc\u015f\u00fcncesi yok. Robotlarda insanlar taraf\u0131ndan y\u00fcklenmi\u015f programlarla \u00e7al\u0131\u015f\u0131yor. \u0130nsanlar\u0131n kafa yap\u0131lar\u0131, sa\u00e7 yap\u0131lar\u0131 ve kulak yap\u0131lar\u0131 farkl\u0131d\u0131r. Her sa\u00e7\u0131n kesimi ayn\u0131 de\u011fildir. Baz\u0131 sa\u00e7lar k\u0131sa baz\u0131 sa\u00e7lar uzun kesilir, kafa ve sa\u00e7 yap\u0131lar\u0131ndan dolay\u0131. Berber t\u0131ra\u015fa ba\u015flamadan \u00f6nce dokunarak m\u00fc\u015fterinin kafa yap\u0131s\u0131n\u0131 tan\u0131r hisseder. Sonra berber kafa yap\u0131na g\u00f6re hallerini ortaya koyar onu yapar. Bir robotun hayali yoktur. Berber kafa yap\u0131s\u0131na, sa\u00e7 yap\u0131s\u0131na, kulak yap\u0131s\u0131na, ten yap\u0131s\u0131na ve y\u00fcz yap\u0131s\u0131na g\u00f6re t\u0131ra\u015f\u0131n nas\u0131l yapaca\u011f\u0131n\u0131 belirleyip ona g\u00f6re hayal kurar modeli onu yapar. Bundan dolay\u0131 t\u0131ra\u015f\u0131 berberler, kuaf\u00f6rler ve g\u00fczellik salonlar\u0131 yapabilir. Bir berber hi\u00e7 tan\u0131mad\u0131\u011f\u0131 m\u00fc\u015fteriyi tan\u0131mas\u0131 10 saniyedir. Berber 10 saniye i\u00e7erisinde o m\u00fc\u015fterinin psikolojisini, duygu durumunu anlar. Sonra m\u00fc\u015fteriyi koltu\u011fa ald\u0131\u011f\u0131nda ilk nas\u0131ls\u0131n diye sorar ve cevaba g\u00f6re devam eder sohbete. M\u00fc\u015fteriyi farkl\u0131 sorular sorarak onun ne k\u0131zd\u0131\u011f\u0131n\u0131 ve ya neden rahats\u0131z oldu\u011funu anlamaya \u00e7al\u0131\u015f\u0131r. Bunu da m\u00fc\u015fteri konu\u015fsun payla\u015fs\u0131n i\u00e7i g\u00fczelle\u015fsin diye yapar. \u00c7\u00fcnk\u00fc berberler sa\u00e7a, y\u00fcze bak\u0131m yapt\u0131\u011f\u0131 rahatlatt\u0131\u011f\u0131 gibi d\u00fc\u015f\u00fcnce olarak da duygusal olarak da m\u00fc\u015fterisini rahatlat\u0131r. Bunlar\u0131 robotlar\u0131n yapma ihtimali yok\u201d dedi.<br \/>\n<br \/><img fetchpriority=\"high\" decoding=\"async\" width=\"1280\" height=\"853\" src=\"https:\/\/www.egemtv.com\/wp-content\/uploads\/2025\/01\/berberlerden-ilginc-cikis-robotlarin-bizim-sektorde-hic-sansi-yok_d56122e97a07.jpg\" class=\"attachment-full size-full not-transparent\" alt=\"\" data-has-transparency=\"false\" data-dominant-color=\"6a6766\" style=\"--dominant-color: #6a6766\" \/><img decoding=\"async\" width=\"1280\" height=\"853\" src=\"https:\/\/www.egemtv.com\/wp-content\/uploads\/2025\/01\/berberlerden-ilginc-cikis-robotlarin-bizim-sektorde-hic-sansi-yok_68bf1341ba3a.jpg\" class=\"attachment-full size-full not-transparent\" alt=\"\" data-has-transparency=\"false\" data-dominant-color=\"757679\" style=\"--dominant-color: #757679\" \/><img decoding=\"async\" width=\"1280\" height=\"853\" src=\"https:\/\/www.egemtv.com\/wp-content\/uploads\/2025\/01\/berberlerden-ilginc-cikis-robotlarin-bizim-sektorde-hic-sansi-yok_0ddc54586a71.jpg\" class=\"attachment-full size-full not-transparent\" alt=\"\" data-has-transparency=\"false\" data-dominant-color=\"6e6f70\" style=\"--dominant-color: #6e6f70\" \/><img loading=\"lazy\" decoding=\"async\" width=\"1280\" height=\"853\" src=\"https:\/\/www.egemtv.com\/wp-content\/uploads\/2025\/01\/berberlerden-ilginc-cikis-robotlarin-bizim-sektorde-hic-sansi-yok_47f653e42586.jpg\" class=\"attachment-full size-full not-transparent\" alt=\"\" data-has-transparency=\"false\" data-dominant-color=\"616060\" style=\"--dominant-color: #616060\" \/><\/p>\n","protected":false},"excerpt":{"rendered":"<p>Sosyal medyada dola\u015fan ve bir robotun Elon Musk\u2019\u0131 t\u0131ra\u015f eti\u011fine dair g\u00f6r\u00fcnt\u00fcler, berber esnaf\u0131n\u0131n tepkisini toplad\u0131. Bir robotun incelikleri bulunan berberli\u011fi yapamayaca\u011f\u0131n\u0131 savunan Denizli Berberler Odas\u0131 Ba\u015fkan\u0131 Yakup G\u00fcle\u00e7, &#8220;Robotlar\u0131n bizim sekt\u00f6rde hi\u00e7 \u015fans\u0131 yok&#8221; diyerek berberlik mesle\u011finin yerini hi\u00e7bir teknolojinin dolduramayaca\u011f\u0131n\u0131 belirtti. Son g\u00fcnlerde sosyal medyada dola\u015fan ve Elon Musk\u2019\u0131n bir robot taraf\u0131ndan t\u0131ra\u015f&#8230;<\/p>\n","protected":false},"author":1,"featured_media":6134,"comment_status":"open","ping_status":"open","sticky":false,"template":"","format":"standard","meta":{"_crdt_document":"","footnotes":""},"categories":[125],"tags":[],"class_list":["post-6133","post","type-post","status-publish","format-standard","has-post-thumbnail","hentry","category-ekonomi"],"_links":{"self":[{"href":"https:\/\/www.egemtv.com\/index.php?rest_route=\/wp\/v2\/posts\/6133","targetHints":{"allow":["GET"]}}],"collection":[{"href":"https:\/\/www.egemtv.com\/index.php?rest_route=\/wp\/v2\/posts"}],"about":[{"href":"https:\/\/www.egemtv.com\/index.php?rest_route=\/wp\/v2\/types\/post"}],"author":[{"embeddable":true,"href":"https:\/\/www.egemtv.com\/index.php?rest_route=\/wp\/v2\/users\/1"}],"replies":[{"embeddable":true,"href":"https:\/\/www.egemtv.com\/index.php?rest_route=%2Fwp%2Fv2%2Fcomments&post=6133"}],"version-history":[{"count":1,"href":"https:\/\/www.egemtv.com\/index.php?rest_route=\/wp\/v2\/posts\/6133\/revisions"}],"predecessor-version":[{"id":6139,"href":"https:\/\/www.egemtv.com\/index.php?rest_route=\/wp\/v2\/posts\/6133\/revisions\/6139"}],"wp:featuredmedia":[{"embeddable":true,"href":"https:\/\/www.egemtv.com\/index.php?rest_route=\/wp\/v2\/media\/6134"}],"wp:attachment":[{"href":"https:\/\/www.egemtv.com\/index.php?rest_route=%2Fwp%2Fv2%2Fmedia&parent=6133"}],"wp:term":[{"taxonomy":"category","embeddable":true,"href":"https:\/\/www.egemtv.com\/index.php?rest_route=%2Fwp%2Fv2%2Fcategories&post=6133"},{"taxonomy":"post_tag","embeddable":true,"href":"https:\/\/www.egemtv.com\/index.php?rest_route=%2Fwp%2Fv2%2Ftags&post=6133"}],"curies":[{"name":"wp","href":"https:\/\/api.w.org\/{rel}","templated":true}]}}