{"id":61328,"date":"2025-10-14T15:15:54","date_gmt":"2025-10-14T12:15:54","guid":{"rendered":"https:\/\/www.egemtv.com\/?p=61328"},"modified":"2025-10-14T15:15:57","modified_gmt":"2025-10-14T12:15:57","slug":"turgutluda-silahli-kavga-1-yarali","status":"publish","type":"post","link":"https:\/\/www.egemtv.com\/?p=61328","title":{"rendered":"Turgutlu\u2019da silahl\u0131 kavga: 1 yaral\u0131"},"content":{"rendered":"<p>Manisa\u2019n\u0131n Turgutlu il\u00e7esinde meydana gelen silahl\u0131 kavgada 1 ki\u015fi yaraland\u0131.<br \/>\n<br \/>Olay, Albayrak Mahallesi TOK\u0130 Konutlar\u0131\u2019nda meydana geldi. Hen\u00fcz belirlenemeyen bir sebeple \u015fah\u0131slar aras\u0131nda \u00e7\u0131kan tart\u0131\u015fma k\u0131sa s\u00fcrede kavgaya d\u00f6n\u00fc\u015f\u00fcrken kavgada bir ki\u015fi silahla vurularak yaraland\u0131.<br \/>\n<br \/>\u0130hbar \u00fczerine olay yerine 112 Acil Sa\u011fl\u0131k ve polis ekipleri sevk edildi. Aya\u011f\u0131ndan vuruldu\u011fu \u00f6\u011frenilen yaral\u0131 \u00c7.C., ilk m\u00fcdahalenin ard\u0131ndan Turgutlu Devlet Hastanesi\u2019ne kald\u0131r\u0131ld\u0131.<br \/>\n<br \/>Olay\u0131 ger\u00e7ekle\u015ftirdi\u011fi \u00f6ne s\u00fcr\u00fclen B.D. isimli \u015fahs\u0131n, plakas\u0131z bir motosikletle olay yerinden ka\u00e7t\u0131\u011f\u0131 belirtildi. Polis ekipleri, ka\u00e7an \u015fahs\u0131n yakalanmas\u0131 i\u00e7in geni\u015f \u00e7apl\u0131 \u00e7al\u0131\u015fma ba\u015flatt\u0131.<br \/>\n<br \/>Olayla ilgili soru\u015fturma s\u00fcr\u00fcyor.<br \/><\/p>\n","protected":false},"excerpt":{"rendered":"<p>Manisa\u2019n\u0131n Turgutlu il\u00e7esinde meydana gelen silahl\u0131 kavgada 1 ki\u015fi yaraland\u0131. Olay, Albayrak Mahallesi TOK\u0130 Konutlar\u0131\u2019nda meydana geldi. Hen\u00fcz belirlenemeyen bir sebeple \u015fah\u0131slar aras\u0131nda \u00e7\u0131kan tart\u0131\u015fma k\u0131sa s\u00fcrede kavgaya d\u00f6n\u00fc\u015f\u00fcrken kavgada bir ki\u015fi silahla vurularak yaraland\u0131. \u0130hbar \u00fczerine olay yerine 112 Acil Sa\u011fl\u0131k ve polis ekipleri sevk edildi. Aya\u011f\u0131ndan vuruldu\u011fu \u00f6\u011frenilen yaral\u0131 \u00c7.C., ilk m\u00fcdahalenin ard\u0131ndan&#8230;<\/p>\n","protected":false},"author":1,"featured_media":61329,"comment_status":"open","ping_status":"open","sticky":false,"template":"","format":"standard","meta":{"_crdt_document":"","footnotes":""},"categories":[5],"tags":[],"class_list":["post-61328","post","type-post","status-publish","format-standard","has-post-thumbnail","hentry","category-asayis"],"_links":{"self":[{"href":"https:\/\/www.egemtv.com\/index.php?rest_route=\/wp\/v2\/posts\/61328","targetHints":{"allow":["GET"]}}],"collection":[{"href":"https:\/\/www.egemtv.com\/index.php?rest_route=\/wp\/v2\/posts"}],"about":[{"href":"https:\/\/www.egemtv.com\/index.php?rest_route=\/wp\/v2\/types\/post"}],"author":[{"embeddable":true,"href":"https:\/\/www.egemtv.com\/index.php?rest_route=\/wp\/v2\/users\/1"}],"replies":[{"embeddable":true,"href":"https:\/\/www.egemtv.com\/index.php?rest_route=%2Fwp%2Fv2%2Fcomments&post=61328"}],"version-history":[{"count":1,"href":"https:\/\/www.egemtv.com\/index.php?rest_route=\/wp\/v2\/posts\/61328\/revisions"}],"predecessor-version":[{"id":61330,"href":"https:\/\/www.egemtv.com\/index.php?rest_route=\/wp\/v2\/posts\/61328\/revisions\/61330"}],"wp:featuredmedia":[{"embeddable":true,"href":"https:\/\/www.egemtv.com\/index.php?rest_route=\/wp\/v2\/media\/61329"}],"wp:attachment":[{"href":"https:\/\/www.egemtv.com\/index.php?rest_route=%2Fwp%2Fv2%2Fmedia&parent=61328"}],"wp:term":[{"taxonomy":"category","embeddable":true,"href":"https:\/\/www.egemtv.com\/index.php?rest_route=%2Fwp%2Fv2%2Fcategories&post=61328"},{"taxonomy":"post_tag","embeddable":true,"href":"https:\/\/www.egemtv.com\/index.php?rest_route=%2Fwp%2Fv2%2Ftags&post=61328"}],"curies":[{"name":"wp","href":"https:\/\/api.w.org\/{rel}","templated":true}]}}