{"id":61325,"date":"2025-10-14T15:15:43","date_gmt":"2025-10-14T12:15:43","guid":{"rendered":"https:\/\/www.egemtv.com\/?p=61325"},"modified":"2025-10-14T15:15:51","modified_gmt":"2025-10-14T12:15:51","slug":"manisada-6-6-buyuklugundeki-deprem-tatbikati-gercegi-aratmadi","status":"publish","type":"post","link":"https:\/\/www.egemtv.com\/?p=61325","title":{"rendered":"Manisa\u2019da 6.6 b\u00fcy\u00fckl\u00fc\u011f\u00fcndeki deprem tatbikat\u0131 ger\u00e7e\u011fi aratmad\u0131"},"content":{"rendered":"<p>Manisa\u2019n\u0131n Yunusemre il\u00e7esinde, 6.6 b\u00fcy\u00fckl\u00fc\u011f\u00fcndeki deprem tatbikat\u0131 ger\u00e7e\u011fi aratmad\u0131. Senaryo gere\u011fi enkaz alt\u0131nda kalan bir vatanda\u015f kurtarma ekiplerinin koordineli \u00e7al\u0131\u015fmas\u0131yla titizlikle kurtar\u0131ld\u0131.<br \/>\n<br \/>Manisa genelinde, T\u00fcrkiye Afet M\u00fcdahale Plan\u0131 kapsam\u0131nda ya\u015fanabilecek b\u00fcy\u00fck bir depreme haz\u0131rl\u0131k amac\u0131yla geni\u015f \u00e7apl\u0131 bir deprem tatbikat\u0131 ba\u015far\u0131yla ger\u00e7ekle\u015ftirildi. Senaryo gere\u011fi, Yerin yakla\u015f\u0131k 8 kilometre derinli\u011finde merkez \u00fcss\u00fc Yunusemre il\u00e7esi Akmescit Mahallesi olan 6.6 b\u00fcy\u00fckl\u00fc\u011f\u00fcndeki depremde yakla\u015f\u0131k 4 bin ki\u015fi hayat\u0131n\u0131 kaybetti, 48 bin ki\u015fi yaraland\u0131. Deprem nedeniyle 25 bin civar\u0131nda bina a\u011f\u0131r hasar al\u0131rken, 11 bin civar\u0131nda bina tamamen y\u0131k\u0131ld\u0131. Senaryoda deprem \u00f6zellikle Yunusemre, \u015eehzadeler, Turgutlu, Saruhanl\u0131 ve Akhisar il\u00e7elerinde ciddi y\u0131k\u0131mlara neden olurken, Ahmetli, G\u00f6lmarmara ve Salihli il\u00e7elerinde ise \u00f6nemli bir hasar olu\u015fmad\u0131.<br \/>\n<br \/>Depremin ard\u0131ndan Valilik koordinasyonunda AFAD, UMKE, Manisa \u0130l Emniyet M\u00fcd\u00fcrl\u00fc\u011f\u00fc, Manisa \u0130l Jandarma Komutanl\u0131\u011f\u0131, Manisa B\u00fcy\u00fck\u015fehir Belediyesi \u0130tfaiye Daire Ba\u015fkanl\u0131\u011f\u0131, sa\u011fl\u0131k ekipleri ve yerel y\u00f6netimlerin de aralar\u0131nda bulundu\u011fu t\u00fcm kurumlar h\u0131zla sahaya intikal etti. Kurulan kriz merkezinden \u00e7al\u0131\u015fmalar anl\u0131k olarak takip edildi.<br \/>\n<br \/>\u00d6te yandan tatbikat kapsam\u0131nda devlet yurtlar\u0131, spor salonlar\u0131, kamu tesisleri ve \u00e7ad\u0131r alanlar\u0131 ge\u00e7ici bar\u0131nma merkezi olarak devreye al\u0131narak 182 bin 468 vatanda\u015f ge\u00e7ici bar\u0131nma hizmetinden faydaland\u0131. Ayr\u0131ca beslenme, hijyen ve temel ihtiya\u00e7lara y\u00f6nelik t\u00fcm lojistik koordinasyon eksiksiz sa\u011flan\u0131rken, \u00e7ocuklar, ya\u015fl\u0131lar ve travma ya\u015fayan vatanda\u015flar i\u00e7in psikososyal destek ekipleri g\u00f6rev yapt\u0131. Elektrik, su ve do\u011falgaz gibi altyap\u0131 hizmetlerinde olu\u015fan ar\u0131zalar teknik ekiplerce giderildi, g\u00fcvenlik g\u00fc\u00e7leri de bo\u015falt\u0131lan b\u00f6lgelerde asayi\u015fi sa\u011flad\u0131.<\/p>\n<p>&#8220;B\u00fct\u00fcn kamu birimlerimizin seferber oldu&#8221;<br \/>\n<br \/>Saruhanl\u0131 il\u00e7esinde ger\u00e7ekle\u015ftirilen enkaz arama kurtarma \u00e7al\u0131\u015fmalar\u0131n\u0131 sahada inceleyen Manisa Valisi Vahdettin \u00d6zkan, burada yapt\u0131\u011f\u0131 a\u00e7\u0131klamada, &#8220;Bug\u00fcn malumunuz, sabah 8.20\u2019de maalesef ilimizde Yunusemre il\u00e7emizin merkez oldu\u011fu 6.6 b\u00fcy\u00fckl\u00fc\u011f\u00fcnde bir depreme maruz kald\u0131k. Bu depremde tabii di\u011fer d\u0131\u015f illerimiz etkilendi. Kom\u015fu illerimiz \u00f6zellikle \u0130zmir etkilendi. B\u00fct\u00fcn arkada\u015flar\u0131m\u0131z TAM dedi\u011fimiz T\u00fcrkiye Afetlere M\u00fcdahale plan\u0131 \u00e7er\u00e7evesinde ilimizdeki versiyonunu esas alarak hemen haber al\u0131r almaz bizim b\u00fct\u00fcn unsurlar harekete ge\u00e7mi\u015f oldu. Koordinasyon merkezine gittik. Orada belli planlamalar\u0131 ve y\u00f6nlendirmeleri yapt\u0131k. \u015eu anda da sahalar\u0131 dola\u015f\u0131yoruz. Maalesef depremin an\u0131, zaman\u0131, yeri belli de\u011fil ama deprem esnas\u0131nda T\u00fcrkiye M\u00fcdahale Plan\u0131yla yapmam\u0131z gerekenlerin \u00f6ncedeki haz\u0131rlanm\u0131\u015f olan senaryolar\u0131, planlar do\u011frultusunda b\u00fct\u00fcn kamu birimlerimizin seferber olmas\u0131 \u00e7ok \u00f6nemli. Bu \u00e7er\u00e7evede b\u00fct\u00fcn kamu birimlerimizin seferber oldu\u011funu ifade etmek istiyorum. Ayn\u0131 zamanda bu konuda akredite olmu\u015f sivil toplum kurulu\u015flar\u0131m\u0131z var. Bu sivil toplum kurulu\u015flar\u0131m\u0131z da kamu kurulu\u015flar\u0131yla koordineli bir \u015fekilde seferber olmu\u015f durumda&#8221; dedi.<\/p>\n<p>&#8220;Deprem riskini bertaraf etmenin oda\u011f\u0131nda ger\u00e7ekten iyi bir imar plan\u0131 var&#8221;<br \/>\n<br \/>Depreme haz\u0131rl\u0131kta yap\u0131lmas\u0131 gereken en \u00f6nemli i\u015fin yap\u0131 stoklar\u0131n\u0131n depreme haz\u0131r hale getirilmesi gerekti\u011fini vurgulayan Vali \u00d6zkan, &#8220;Bizim \u015fu anda esas itibariyle b\u00fct\u00fcn insanlar\u0131m\u0131z\u0131n, Manisal\u0131 hem\u015ferilerimizin bilmesi gereken ve refleks haline getirmesi gereken afet olmadan \u00f6nce biz ne yapmal\u0131y\u0131z? Yani biz m\u00fcdahale planlar\u0131n\u0131 yaparken ondan daha \u00f6nce riski y\u00f6netmemiz laz\u0131m. Yani bizim \u015fu anda ya\u015fam hakk\u0131m\u0131z\u0131 birinci dereceden etkilenen ve \u00f6zellikle \u015fehrimiz a\u00e7\u0131s\u0131ndan risk skoru y\u00fcksek olan bir depremsellik b\u00f6lgesinde ,depremselli\u011fi y\u00fcksek olan bir b\u00f6lgede bir lokasyonda ya\u015f\u0131yoruz. Depremle ilgili neler yapmam\u0131z laz\u0131m? Bunlar\u0131 analiz etmemiz laz\u0131m. Bundan da h\u00fck\u00fcmetimizin, devletimizin yapm\u0131\u015f oldu\u011fu \u0130RAP dedi\u011fimiz \u0130l Riski Azaltma Eylem Plan\u0131 \u015feklinde ifade bulan bir plan\u0131m\u0131z vard\u0131r. Bu da deprem olmadan \u00f6nce her ki\u015fiye, kuruma d\u00fc\u015fenler nelerdir? Bunlar\u0131 tarif ediyor. Bunlarla ilgili ileti\u015fim stratejisi nas\u0131l olmal\u0131d\u0131r? \u0130zlemesi nas\u0131l olmal\u0131d\u0131r? \u00d6ncesinde yapmam\u0131z, almam\u0131z gereken tedbirler nelerdir? Kamu kurumlar\u0131n\u0131n, belediyelerinin, meslek kurulu\u015flar\u0131n\u0131n, her annenin baban\u0131n, her birimizin depremle ilgili ne yapmam\u0131z laz\u0131m? Bunlar\u0131 tarif ediyor. Bunlardan y\u00fczlerce tedbir var tabiat\u0131yla. Ama bunlarda \u00f6zg\u00fcl a\u011f\u0131rl\u0131\u011f\u0131 en fazla olan nedir? Yap\u0131 sto\u011funu iyile\u015ftirmemizdir. Yani deprem riskini bertaraf etmenin oda\u011f\u0131nda ger\u00e7ekten iyi bir imar plan\u0131, iyi bir yap\u0131la\u015fma, imar sto\u011funu yap\u0131 sto\u011funu depreme dayan\u0131kl\u0131 bir eksende in\u015fa etmektir. Bu y\u00f6n\u00fcnde de b\u00fct\u00fcn vatanda\u015flar\u0131m\u0131z\u0131n bu noktada duyarl\u0131 olmas\u0131, b\u00fct\u00fcn kurumlar\u0131m\u0131z bu noktada b\u00fct\u00fcn enerjisini sarf etmesi \u00f6nem arz ediyor&#8221; diye konu\u015ftu.<br \/><\/p>\n","protected":false},"excerpt":{"rendered":"<p>Manisa\u2019n\u0131n Yunusemre il\u00e7esinde, 6.6 b\u00fcy\u00fckl\u00fc\u011f\u00fcndeki deprem tatbikat\u0131 ger\u00e7e\u011fi aratmad\u0131. Senaryo gere\u011fi enkaz alt\u0131nda kalan bir vatanda\u015f kurtarma ekiplerinin koordineli \u00e7al\u0131\u015fmas\u0131yla titizlikle kurtar\u0131ld\u0131. Manisa genelinde, T\u00fcrkiye Afet M\u00fcdahale Plan\u0131 kapsam\u0131nda ya\u015fanabilecek b\u00fcy\u00fck bir depreme haz\u0131rl\u0131k amac\u0131yla geni\u015f \u00e7apl\u0131 bir deprem tatbikat\u0131 ba\u015far\u0131yla ger\u00e7ekle\u015ftirildi. Senaryo gere\u011fi, Yerin yakla\u015f\u0131k 8 kilometre derinli\u011finde merkez \u00fcss\u00fc Yunusemre il\u00e7esi Akmescit Mahallesi&#8230;<\/p>\n","protected":false},"author":1,"featured_media":61326,"comment_status":"open","ping_status":"open","sticky":false,"template":"","format":"standard","meta":{"_crdt_document":"","footnotes":""},"categories":[5],"tags":[],"class_list":["post-61325","post","type-post","status-publish","format-standard","has-post-thumbnail","hentry","category-asayis"],"_links":{"self":[{"href":"https:\/\/www.egemtv.com\/index.php?rest_route=\/wp\/v2\/posts\/61325","targetHints":{"allow":["GET"]}}],"collection":[{"href":"https:\/\/www.egemtv.com\/index.php?rest_route=\/wp\/v2\/posts"}],"about":[{"href":"https:\/\/www.egemtv.com\/index.php?rest_route=\/wp\/v2\/types\/post"}],"author":[{"embeddable":true,"href":"https:\/\/www.egemtv.com\/index.php?rest_route=\/wp\/v2\/users\/1"}],"replies":[{"embeddable":true,"href":"https:\/\/www.egemtv.com\/index.php?rest_route=%2Fwp%2Fv2%2Fcomments&post=61325"}],"version-history":[{"count":1,"href":"https:\/\/www.egemtv.com\/index.php?rest_route=\/wp\/v2\/posts\/61325\/revisions"}],"predecessor-version":[{"id":61327,"href":"https:\/\/www.egemtv.com\/index.php?rest_route=\/wp\/v2\/posts\/61325\/revisions\/61327"}],"wp:featuredmedia":[{"embeddable":true,"href":"https:\/\/www.egemtv.com\/index.php?rest_route=\/wp\/v2\/media\/61326"}],"wp:attachment":[{"href":"https:\/\/www.egemtv.com\/index.php?rest_route=%2Fwp%2Fv2%2Fmedia&parent=61325"}],"wp:term":[{"taxonomy":"category","embeddable":true,"href":"https:\/\/www.egemtv.com\/index.php?rest_route=%2Fwp%2Fv2%2Fcategories&post=61325"},{"taxonomy":"post_tag","embeddable":true,"href":"https:\/\/www.egemtv.com\/index.php?rest_route=%2Fwp%2Fv2%2Ftags&post=61325"}],"curies":[{"name":"wp","href":"https:\/\/api.w.org\/{rel}","templated":true}]}}