{"id":61322,"date":"2025-10-14T15:15:05","date_gmt":"2025-10-14T12:15:05","guid":{"rendered":"https:\/\/www.egemtv.com\/?p=61322"},"modified":"2025-10-14T15:15:25","modified_gmt":"2025-10-14T12:15:25","slug":"ogrenciler-zeytin-hasadiyla-uretim-bilincini-ogreniyor","status":"publish","type":"post","link":"https:\/\/www.egemtv.com\/?p=61322","title":{"rendered":"\u00d6\u011frenciler zeytin hasad\u0131yla \u00fcretim bilincini \u00f6\u011freniyor"},"content":{"rendered":"<p>Manisa\u2019n\u0131n G\u00f6lmarmara il\u00e7esinde bulunan Hulki Sanl\u0131top Anadolu Lisesi \u00f6\u011frencileri, okul bah\u00e7esindeki zeytin a\u011fa\u00e7lar\u0131nda hasat sezonunu ba\u015flatt\u0131. \u00d6\u011frenciler taraf\u0131ndan toplanan zeytinlerden elde edilen \u00fcr\u00fcnler okul pansiyonunda de\u011ferlendirilirken, fazla \u00fcretim ise okula gelir sa\u011fl\u0131yor.<br \/>\n<br \/>Manisa\u2019n\u0131n G\u00f6lmarmara il\u00e7esinde yer alan Hulki Sanl\u0131top Anadolu Lisesi\u2019nde, okul bah\u00e7esinde bulunan zeytin a\u011fa\u00e7lar\u0131nda \u00f6\u011frenciler taraf\u0131ndan zeytin hasad\u0131na ba\u015fland\u0131. \u00d6\u011frenciler, kendi elleriyle toplad\u0131klar\u0131 zeytinleri sofral\u0131k olarak i\u015flerken, bir k\u0131sm\u0131n\u0131 da ya\u011fl\u0131k olarak ya\u011fhaneye g\u00f6nderiyor. \u00dcretilen zeytin ve zeytinya\u011flar\u0131 okul pansiyonunda kalan \u00f6\u011frencilerin yemeklerinde kullan\u0131l\u0131rken fazla \u00fcretim ise sat\u0131larak okul b\u00fct\u00e7esine katk\u0131 sa\u011fl\u0131yor. Okul bah\u00e7esinde 10 y\u0131l\u0131 a\u015fk\u0131n s\u00fcre \u00f6nce dikilen yakla\u015f\u0131k 60 zeytin a\u011fac\u0131n\u0131n bulundu\u011funu belirten Hulki Sanl\u0131top Anadolu Lisesi M\u00fcd\u00fcr\u00fc Necati \u00d6z\u00e7etin, bu etkinlik sayesinde \u00f6\u011frencilerin erken ya\u015fta tar\u0131msal \u00fcretim bilinci ve sorumluluk duygusu kazand\u0131klar\u0131n\u0131 s\u00f6yledi. \u00d6z\u00e7etin, okulda 68\u2019i pansiyonda kalan toplam 223 \u00f6\u011frenci bulundu\u011funu belirtti.<br \/>\n<br \/>\u00d6\u011frencilerin ekip \u00e7al\u0131\u015fmas\u0131yla hasat yapt\u0131klar\u0131n\u0131 ifade eden okul m\u00fcd\u00fcr yard\u0131mc\u0131s\u0131 \u00c7a\u011fla Aysal ise, etkinli\u011fin \u00f6\u011frencilere yard\u0131mla\u015fma, i\u015f b\u00f6l\u00fcm\u00fc ve tak\u0131m ruhu kazand\u0131rd\u0131\u011f\u0131n\u0131 dile getirdi. Aysal, \u00f6\u011frencilerin kendi toplad\u0131klar\u0131 zeytinleri sofrada g\u00f6rmenin mutlulu\u011funu ya\u015fad\u0131klar\u0131n\u0131, elde edilen gelirle de ihtiya\u00e7 sahibi ki\u015filere yard\u0131m etmeyi planlad\u0131klar\u0131n\u0131 aktard\u0131.<br \/>\n<br \/>G\u00f6lmarmara \u0130l\u00e7e Milli E\u011fitim M\u00fcd\u00fcr\u00fc Mehmet \u015eahin de \u00f6\u011frencilerin bu \u00e7al\u0131\u015fmas\u0131yla T\u00fcrkiye Y\u00fczy\u0131l\u0131 Maarif Modeli\u2019nin &#8220;Erdem-De\u011fer-Eylem&#8221; \u00e7er\u00e7evesine uygun olarak yard\u0131mseverlik, tasarruf, \u00e7al\u0131\u015fkanl\u0131k ve duyarl\u0131l\u0131k gibi de\u011ferleri kazand\u0131klar\u0131n\u0131 ifade etti. \u015eahin ayr\u0131ca, bu etkinli\u011fin Milli E\u011fitim Bakan\u0131 Yusuf Tekin taraf\u0131ndan ilan edilen &#8220;Ye\u015fil Vatan Seferberli\u011fi&#8221; ile de \u00f6rt\u00fc\u015ft\u00fc\u011f\u00fcn\u00fc vurgulad\u0131.<br \/><\/p>\n","protected":false},"excerpt":{"rendered":"<p>Manisa\u2019n\u0131n G\u00f6lmarmara il\u00e7esinde bulunan Hulki Sanl\u0131top Anadolu Lisesi \u00f6\u011frencileri, okul bah\u00e7esindeki zeytin a\u011fa\u00e7lar\u0131nda hasat sezonunu ba\u015flatt\u0131. \u00d6\u011frenciler taraf\u0131ndan toplanan zeytinlerden elde edilen \u00fcr\u00fcnler okul pansiyonunda de\u011ferlendirilirken, fazla \u00fcretim ise okula gelir sa\u011fl\u0131yor. Manisa\u2019n\u0131n G\u00f6lmarmara il\u00e7esinde yer alan Hulki Sanl\u0131top Anadolu Lisesi\u2019nde, okul bah\u00e7esinde bulunan zeytin a\u011fa\u00e7lar\u0131nda \u00f6\u011frenciler taraf\u0131ndan zeytin hasad\u0131na ba\u015fland\u0131. \u00d6\u011frenciler, kendi elleriyle toplad\u0131klar\u0131&#8230;<\/p>\n","protected":false},"author":1,"featured_media":61323,"comment_status":"open","ping_status":"open","sticky":false,"template":"","format":"standard","meta":{"_crdt_document":"","footnotes":""},"categories":[1],"tags":[],"class_list":["post-61322","post","type-post","status-publish","format-standard","has-post-thumbnail","hentry","category-guncel"],"_links":{"self":[{"href":"https:\/\/www.egemtv.com\/index.php?rest_route=\/wp\/v2\/posts\/61322","targetHints":{"allow":["GET"]}}],"collection":[{"href":"https:\/\/www.egemtv.com\/index.php?rest_route=\/wp\/v2\/posts"}],"about":[{"href":"https:\/\/www.egemtv.com\/index.php?rest_route=\/wp\/v2\/types\/post"}],"author":[{"embeddable":true,"href":"https:\/\/www.egemtv.com\/index.php?rest_route=\/wp\/v2\/users\/1"}],"replies":[{"embeddable":true,"href":"https:\/\/www.egemtv.com\/index.php?rest_route=%2Fwp%2Fv2%2Fcomments&post=61322"}],"version-history":[{"count":1,"href":"https:\/\/www.egemtv.com\/index.php?rest_route=\/wp\/v2\/posts\/61322\/revisions"}],"predecessor-version":[{"id":61324,"href":"https:\/\/www.egemtv.com\/index.php?rest_route=\/wp\/v2\/posts\/61322\/revisions\/61324"}],"wp:featuredmedia":[{"embeddable":true,"href":"https:\/\/www.egemtv.com\/index.php?rest_route=\/wp\/v2\/media\/61323"}],"wp:attachment":[{"href":"https:\/\/www.egemtv.com\/index.php?rest_route=%2Fwp%2Fv2%2Fmedia&parent=61322"}],"wp:term":[{"taxonomy":"category","embeddable":true,"href":"https:\/\/www.egemtv.com\/index.php?rest_route=%2Fwp%2Fv2%2Fcategories&post=61322"},{"taxonomy":"post_tag","embeddable":true,"href":"https:\/\/www.egemtv.com\/index.php?rest_route=%2Fwp%2Fv2%2Ftags&post=61322"}],"curies":[{"name":"wp","href":"https:\/\/api.w.org\/{rel}","templated":true}]}}