{"id":61319,"date":"2025-10-14T14:55:50","date_gmt":"2025-10-14T11:55:50","guid":{"rendered":"https:\/\/www.egemtv.com\/?p=61319"},"modified":"2025-10-14T14:55:51","modified_gmt":"2025-10-14T11:55:51","slug":"chpli-gurdal-aydin-il-baskanligina-adayligini-acikladi","status":"publish","type":"post","link":"https:\/\/www.egemtv.com\/?p=61319","title":{"rendered":"CHP\u2019li G\u00fcrdal, Ayd\u0131n \u0130l Ba\u015fkanl\u0131\u011f\u0131\u2019na adayl\u0131\u011f\u0131n\u0131 a\u00e7\u0131klad\u0131"},"content":{"rendered":"<p>Cumhuriyet Halk Partisi (CHP) Ayd\u0131n \u0130l Ba\u015fkanl\u0131\u011f\u0131 adayl\u0131\u011f\u0131n\u0131 a\u00e7\u0131klayan \u0130brahim G\u00fcrdal, de\u011fi\u015fim zaman\u0131n\u0131n geldi\u011fine inand\u0131\u011f\u0131 i\u00e7in aday oldu\u011funu ifade ederek &#8220;Benim hevesim bir koltuk talebi de\u011fildir. De\u011fi\u015fim isyan\u0131d\u0131r&#8221; dedi.<\/p>\n<p>Cumhuriyet Halk Partisi (CHP) \u0130l Te\u015fkilat\u0131\u2019nda se\u00e7im heyecan\u0131 ya\u015fan\u0131rken il ba\u015fkanl\u0131\u011f\u0131 i\u00e7in adaylar da belli olmaya ba\u015flad\u0131. Bu \u00e7er\u00e7evede \u0130brahim G\u00fcrdal da d\u00fczenledi\u011fi bas\u0131n toplant\u0131s\u0131 ile adayl\u0131\u011f\u0131n\u0131 a\u00e7\u0131klad\u0131.<\/p>\n<p>Parti i\u00e7inde art\u0131k de\u011fi\u015fim zaman\u0131n\u0131n geldi\u011fini ifade eden G\u00fcrdal, &#8220;Bizler, partimizi b\u00fcy\u00fctmek, demokrasiyi yeniden aya\u011fa kald\u0131rmak, \u00f6rg\u00fct\u00fc g\u00fc\u00e7lendirmek zorunday\u0131z. T\u00fcrkiye\u2019nin de\u011fi\u015fim talebini dikkate almak zorunday\u0131z. Yerelden ba\u015flayarak \u00fclkenin kaderini de\u011fi\u015ftirmek i\u00e7in canla ba\u015fla \u00e7al\u0131\u015fmal\u0131y\u0131z. Partimize k\u00fcsenleri, uzak duranlar\u0131, siyasetten, \u00fclkeden umudunu kesenleri tekrar kazanmak zorunday\u0131z. Bug\u00fcn burada il ba\u015fkan adayl\u0131\u011f\u0131m\u0131 a\u00e7\u0131klamak i\u00e7in topland\u0131k. Benim hevesim bir koltuk talebi de\u011fildir. De\u011fi\u015fim isyan\u0131d\u0131r. Hikmet Saat\u00e7i, Ayd\u0131n\u2019da \u0130l Ba\u015fkanl\u0131\u011f\u0131n\u0131 en uzun s\u00fcre yapm\u0131\u015f isimdir. Art\u0131k de\u011fi\u015fim zaman\u0131 geldi\u011fine inand\u0131\u011f\u0131m i\u00e7in aday oldum. Parti i\u00e7i demokrasi, kat\u0131l\u0131mc\u0131l\u0131k, emek verenlerin s\u00f6z hakk\u0131, bu partinin olmazsa olmaz\u0131 olacakt\u0131r. Genel ba\u015fkan\u0131m\u0131zla, vekillerimizle, belediye ba\u015fkanlar\u0131m\u0131zla, il\u00e7e ba\u015fkanlar\u0131m\u0131zla uyum i\u00e7inde \u00e7al\u0131\u015faca\u011f\u0131m\u0131z\u0131n s\u00f6z\u00fcn\u00fc buradan veriyorum. \u00d6rg\u00fct\u00fcme buradan ilk s\u00f6z\u00fcm\u00fc vermek istiyorum. Bu partinin \u00f6znesi bundan sonra \u00f6n se\u00e7im olacakt\u0131r. \u00d6n se\u00e7im il ba\u015fkanl\u0131\u011f\u0131m\u0131n ilk s\u00f6z\u00fc olacakt\u0131r. \u00c7ar\u015faf liste \u00e7a\u011fr\u0131m\u0131 yineliyorum. Pazar g\u00fcn\u00fc kongre salonunda g\u00f6r\u00fc\u015fmek \u00fczere hepinizi sayg\u0131yla, sevgiyle selaml\u0131yorum&#8221; dedi.<br \/><\/p>\n","protected":false},"excerpt":{"rendered":"<p>Cumhuriyet Halk Partisi (CHP) Ayd\u0131n \u0130l Ba\u015fkanl\u0131\u011f\u0131 adayl\u0131\u011f\u0131n\u0131 a\u00e7\u0131klayan \u0130brahim G\u00fcrdal, de\u011fi\u015fim zaman\u0131n\u0131n geldi\u011fine inand\u0131\u011f\u0131 i\u00e7in aday oldu\u011funu ifade ederek &#8220;Benim hevesim bir koltuk talebi de\u011fildir. De\u011fi\u015fim isyan\u0131d\u0131r&#8221; dedi. Cumhuriyet Halk Partisi (CHP) \u0130l Te\u015fkilat\u0131\u2019nda se\u00e7im heyecan\u0131 ya\u015fan\u0131rken il ba\u015fkanl\u0131\u011f\u0131 i\u00e7in adaylar da belli olmaya ba\u015flad\u0131. Bu \u00e7er\u00e7evede \u0130brahim G\u00fcrdal da d\u00fczenledi\u011fi bas\u0131n toplant\u0131s\u0131 ile&#8230;<\/p>\n","protected":false},"author":1,"featured_media":61320,"comment_status":"open","ping_status":"open","sticky":false,"template":"","format":"standard","meta":{"_crdt_document":"","footnotes":""},"categories":[127],"tags":[],"class_list":["post-61319","post","type-post","status-publish","format-standard","has-post-thumbnail","hentry","category-siyaset"],"_links":{"self":[{"href":"https:\/\/www.egemtv.com\/index.php?rest_route=\/wp\/v2\/posts\/61319","targetHints":{"allow":["GET"]}}],"collection":[{"href":"https:\/\/www.egemtv.com\/index.php?rest_route=\/wp\/v2\/posts"}],"about":[{"href":"https:\/\/www.egemtv.com\/index.php?rest_route=\/wp\/v2\/types\/post"}],"author":[{"embeddable":true,"href":"https:\/\/www.egemtv.com\/index.php?rest_route=\/wp\/v2\/users\/1"}],"replies":[{"embeddable":true,"href":"https:\/\/www.egemtv.com\/index.php?rest_route=%2Fwp%2Fv2%2Fcomments&post=61319"}],"version-history":[{"count":1,"href":"https:\/\/www.egemtv.com\/index.php?rest_route=\/wp\/v2\/posts\/61319\/revisions"}],"predecessor-version":[{"id":61321,"href":"https:\/\/www.egemtv.com\/index.php?rest_route=\/wp\/v2\/posts\/61319\/revisions\/61321"}],"wp:featuredmedia":[{"embeddable":true,"href":"https:\/\/www.egemtv.com\/index.php?rest_route=\/wp\/v2\/media\/61320"}],"wp:attachment":[{"href":"https:\/\/www.egemtv.com\/index.php?rest_route=%2Fwp%2Fv2%2Fmedia&parent=61319"}],"wp:term":[{"taxonomy":"category","embeddable":true,"href":"https:\/\/www.egemtv.com\/index.php?rest_route=%2Fwp%2Fv2%2Fcategories&post=61319"},{"taxonomy":"post_tag","embeddable":true,"href":"https:\/\/www.egemtv.com\/index.php?rest_route=%2Fwp%2Fv2%2Ftags&post=61319"}],"curies":[{"name":"wp","href":"https:\/\/api.w.org\/{rel}","templated":true}]}}