{"id":61316,"date":"2025-10-14T14:55:47","date_gmt":"2025-10-14T11:55:47","guid":{"rendered":"https:\/\/www.egemtv.com\/?p=61316"},"modified":"2025-10-14T14:55:48","modified_gmt":"2025-10-14T11:55:48","slug":"baskan-kumral-denizlileri-babafeste-davet-etti","status":"publish","type":"post","link":"https:\/\/www.egemtv.com\/?p=61316","title":{"rendered":"Ba\u015fkan Kumral, Denizlileri BabaFest\u2019e davet etti"},"content":{"rendered":"<p>Babada\u011f Belediyesi taraf\u0131ndan 17-19 Ekim tarihleri aras\u0131nda ger\u00e7ekle\u015ftirilecek olan 7\u2019inci BabaFest Festivaline Babada\u011f Belediye Ba\u015fkan\u0131 Murat Kumral t\u00fcm vatanda\u015flar\u0131 davet etti.<\/p>\n<p>17-19 Ekim tarihleri aras\u0131nda Babada\u011f Belediyesi taraf\u0131ndan d\u00fczenlenecek olan 7\u2019inci BabaFest i\u00e7in haz\u0131rl\u0131klar devam ediyor. Babada\u011f Belediyesi ile Bizim Medya Fuarc\u0131l\u0131k i\u015fbirli\u011finde d\u00fczenlenen festivalde 17 Ekim Cuma g\u00fcn\u00fc Mansur Ark, \u00c7elik, Zeynep Dizdar sahne alacak. 18 Ekim 2\u2019nci g\u00fcn\u00fcnde \u00c7ad\u0131r kamp\u0131 ve Tu\u011f\u00e7e Kandemir Konseri ile unutulmaz gece ya\u015fanacak. 19 Ekim tarihinde ise sabah \u00f6\u011flen 12.00\u2019de ba\u015flayacak olan Off-Road g\u00f6sterileri ile festival son bulacak.<\/p>\n<p>Babada\u011f\u2019\u0131 g\u00fczelle\u015ftirmek ve ismini D\u00fcnya markas\u0131 haline getirmek i\u00e7in ve Babada\u011fl\u0131 vatanda\u015flar\u0131n e\u011flence dolu hat\u0131ra biriktirmeleri amac\u0131yla 7\u2019inci BabaFest\u2019i d\u00fczenlediklerini belirten Babada\u011f Belediye Ba\u015fkan\u0131 Murat Kumral, &#8220;Bu y\u0131l BabaFest\u2019in 7\u2019incisini ger\u00e7ekle\u015ftiriyoruz. Her y\u0131l oldu\u011fu gibi bu y\u0131lda dolu dolu e\u011flenceli ve s\u00fcrprizlerle dolu bir festival bizleri bekliyor. Bir yandan Babada\u011f\u2019\u0131 g\u00fczelle\u015ftirme \u00e7al\u0131\u015fmalar\u0131m\u0131z devam ederken Bir yandan da festival haz\u0131rl\u0131klar\u0131m\u0131z s\u00fcrd\u00fcr\u00fcyoruz. 17-18-19 Ekim tarihlerinde Babada\u011f\u2019da, m\u00fczik, sanat, k\u00fclt\u00fcr ve e\u011flence i\u00e7 i\u00e7e olacak Bir birinden g\u00fczel etkinliklerle BabaFest sizleri bekliyor. 19 Ekim Pazar g\u00fcn\u00fc Off-Roald  g\u00f6sterilerinde heyecan doru\u011fa \u00e7\u0131kacak Bu festivali sak\u0131n ka\u00e7\u0131rmay\u0131n.  T\u00fcm vatanda\u015flar\u0131m\u0131 17-19 Ekim tarihlerinde Babada\u011f\u2019a bekliyoruz&#8221; dedi.<br \/><\/p>\n","protected":false},"excerpt":{"rendered":"<p>Babada\u011f Belediyesi taraf\u0131ndan 17-19 Ekim tarihleri aras\u0131nda ger\u00e7ekle\u015ftirilecek olan 7\u2019inci BabaFest Festivaline Babada\u011f Belediye Ba\u015fkan\u0131 Murat Kumral t\u00fcm vatanda\u015flar\u0131 davet etti. 17-19 Ekim tarihleri aras\u0131nda Babada\u011f Belediyesi taraf\u0131ndan d\u00fczenlenecek olan 7\u2019inci BabaFest i\u00e7in haz\u0131rl\u0131klar devam ediyor. Babada\u011f Belediyesi ile Bizim Medya Fuarc\u0131l\u0131k i\u015fbirli\u011finde d\u00fczenlenen festivalde 17 Ekim Cuma g\u00fcn\u00fc Mansur Ark, \u00c7elik, Zeynep Dizdar sahne&#8230;<\/p>\n","protected":false},"author":1,"featured_media":61317,"comment_status":"open","ping_status":"open","sticky":false,"template":"","format":"standard","meta":{"_crdt_document":"","footnotes":""},"categories":[1],"tags":[],"class_list":["post-61316","post","type-post","status-publish","format-standard","has-post-thumbnail","hentry","category-guncel"],"_links":{"self":[{"href":"https:\/\/www.egemtv.com\/index.php?rest_route=\/wp\/v2\/posts\/61316","targetHints":{"allow":["GET"]}}],"collection":[{"href":"https:\/\/www.egemtv.com\/index.php?rest_route=\/wp\/v2\/posts"}],"about":[{"href":"https:\/\/www.egemtv.com\/index.php?rest_route=\/wp\/v2\/types\/post"}],"author":[{"embeddable":true,"href":"https:\/\/www.egemtv.com\/index.php?rest_route=\/wp\/v2\/users\/1"}],"replies":[{"embeddable":true,"href":"https:\/\/www.egemtv.com\/index.php?rest_route=%2Fwp%2Fv2%2Fcomments&post=61316"}],"version-history":[{"count":1,"href":"https:\/\/www.egemtv.com\/index.php?rest_route=\/wp\/v2\/posts\/61316\/revisions"}],"predecessor-version":[{"id":61318,"href":"https:\/\/www.egemtv.com\/index.php?rest_route=\/wp\/v2\/posts\/61316\/revisions\/61318"}],"wp:featuredmedia":[{"embeddable":true,"href":"https:\/\/www.egemtv.com\/index.php?rest_route=\/wp\/v2\/media\/61317"}],"wp:attachment":[{"href":"https:\/\/www.egemtv.com\/index.php?rest_route=%2Fwp%2Fv2%2Fmedia&parent=61316"}],"wp:term":[{"taxonomy":"category","embeddable":true,"href":"https:\/\/www.egemtv.com\/index.php?rest_route=%2Fwp%2Fv2%2Fcategories&post=61316"},{"taxonomy":"post_tag","embeddable":true,"href":"https:\/\/www.egemtv.com\/index.php?rest_route=%2Fwp%2Fv2%2Ftags&post=61316"}],"curies":[{"name":"wp","href":"https:\/\/api.w.org\/{rel}","templated":true}]}}