{"id":61313,"date":"2025-10-14T14:35:01","date_gmt":"2025-10-14T11:35:01","guid":{"rendered":"https:\/\/www.egemtv.com\/?p=61313"},"modified":"2025-10-14T14:35:04","modified_gmt":"2025-10-14T11:35:04","slug":"tavsanlinin-kalbinde-romantizm-ruzgarlari-esti","status":"publish","type":"post","link":"https:\/\/www.egemtv.com\/?p=61313","title":{"rendered":"Tav\u015fanl\u0131\u2019n\u0131n kalbinde romantizm r\u00fczgarlar\u0131 esti"},"content":{"rendered":"<p>K\u00fctahya\u2019n\u0131n Tav\u015fanl\u0131 il\u00e7esinde Uzun \u00c7ar\u015f\u0131 esnaf\u0131ndan &#8220;her g\u00fcn sevgili g\u00fcn\u00fc&#8221; mesaj\u0131. Tav\u015fanl\u0131\u2019n\u0131n kalbi olan Uzun \u00c7ar\u015f\u0131\u2019da hareketli saatler ya\u015fand\u0131. Yo\u011fun i\u015f temposuna ra\u011fmen, \u00e7ar\u015f\u0131 esnaf\u0131 e\u015flerini, sevgililerini ve en yak\u0131nlar\u0131n\u0131 unutmayarak g\u00fcn\u00fcn anlam ve \u00f6nemine uygun jestler yapt\u0131.<br \/>\n<br \/>\u00c7ar\u015f\u0131 esnaf\u0131n\u0131n g\u00fcn sonunda g\u00fcl ve \u00e7e\u015fitli \u00e7i\u00e7ekler alarak evlerine gitmesi, sokaklara romantik bir hava katt\u0131. Bu anlaml\u0131 hediyele\u015fme trafi\u011fi i\u00e7inde konu\u015fan esnaflardan M\u00fcsl\u00fcm Polat, duygular\u0131n\u0131 \u015fu s\u00f6zlerle dile getirdi: &#8220;Bizim i\u00e7in sadece bir g\u00fcn de\u011fil, her g\u00fcn Sevgili G\u00fcn\u00fc olmal\u0131. Bug\u00fcn de i\u015f \u00e7\u0131k\u0131\u015f\u0131 kimi e\u015fine, kimi sevgilisine, kimi de en yak\u0131n\u0131na \u00e7i\u00e7ek ald\u0131 g\u00f6t\u00fcr\u00fcyor. \u00d6nemli olan bu \u00f6zel g\u00fcnde onlara de\u011fer verdi\u011fimizi hissettirmek ve bu g\u00fczel duygular\u0131 y\u0131l\u0131n her g\u00fcn\u00fcne yaymak.&#8221; Polat\u2019\u0131n bu s\u00f6zleri, hediyelerin sadece 14 \u015eubat\u2019a \u00f6zg\u00fc bir rit\u00fcel olmaktan \u00e7\u0131k\u0131p, y\u0131l boyunca s\u00fcrmesi gereken sevgi ve vefa ba\u011f\u0131n\u0131n alt\u0131n\u0131 \u00e7izdi. Tav\u015fanl\u0131 esnaf\u0131n\u0131n bu samimi yakla\u015f\u0131m\u0131, \u00e7ar\u015f\u0131da al\u0131\u015fveri\u015f yapan vatanda\u015flar taraf\u0131ndan da takdirle kar\u015f\u0131land\u0131. Uzun \u00c7ar\u015f\u0131, ticaretin yan\u0131 s\u0131ra sevgi ve ba\u011fl\u0131l\u0131\u011f\u0131n da sembol\u00fc haline geldi.<br \/><\/p>\n","protected":false},"excerpt":{"rendered":"<p>K\u00fctahya\u2019n\u0131n Tav\u015fanl\u0131 il\u00e7esinde Uzun \u00c7ar\u015f\u0131 esnaf\u0131ndan &#8220;her g\u00fcn sevgili g\u00fcn\u00fc&#8221; mesaj\u0131. Tav\u015fanl\u0131\u2019n\u0131n kalbi olan Uzun \u00c7ar\u015f\u0131\u2019da hareketli saatler ya\u015fand\u0131. Yo\u011fun i\u015f temposuna ra\u011fmen, \u00e7ar\u015f\u0131 esnaf\u0131 e\u015flerini, sevgililerini ve en yak\u0131nlar\u0131n\u0131 unutmayarak g\u00fcn\u00fcn anlam ve \u00f6nemine uygun jestler yapt\u0131. \u00c7ar\u015f\u0131 esnaf\u0131n\u0131n g\u00fcn sonunda g\u00fcl ve \u00e7e\u015fitli \u00e7i\u00e7ekler alarak evlerine gitmesi, sokaklara romantik bir hava katt\u0131. Bu&#8230;<\/p>\n","protected":false},"author":1,"featured_media":61314,"comment_status":"open","ping_status":"open","sticky":false,"template":"","format":"standard","meta":{"_crdt_document":"","footnotes":""},"categories":[123],"tags":[],"class_list":["post-61313","post","type-post","status-publish","format-standard","has-post-thumbnail","hentry","category-gundem"],"_links":{"self":[{"href":"https:\/\/www.egemtv.com\/index.php?rest_route=\/wp\/v2\/posts\/61313","targetHints":{"allow":["GET"]}}],"collection":[{"href":"https:\/\/www.egemtv.com\/index.php?rest_route=\/wp\/v2\/posts"}],"about":[{"href":"https:\/\/www.egemtv.com\/index.php?rest_route=\/wp\/v2\/types\/post"}],"author":[{"embeddable":true,"href":"https:\/\/www.egemtv.com\/index.php?rest_route=\/wp\/v2\/users\/1"}],"replies":[{"embeddable":true,"href":"https:\/\/www.egemtv.com\/index.php?rest_route=%2Fwp%2Fv2%2Fcomments&post=61313"}],"version-history":[{"count":1,"href":"https:\/\/www.egemtv.com\/index.php?rest_route=\/wp\/v2\/posts\/61313\/revisions"}],"predecessor-version":[{"id":61315,"href":"https:\/\/www.egemtv.com\/index.php?rest_route=\/wp\/v2\/posts\/61313\/revisions\/61315"}],"wp:featuredmedia":[{"embeddable":true,"href":"https:\/\/www.egemtv.com\/index.php?rest_route=\/wp\/v2\/media\/61314"}],"wp:attachment":[{"href":"https:\/\/www.egemtv.com\/index.php?rest_route=%2Fwp%2Fv2%2Fmedia&parent=61313"}],"wp:term":[{"taxonomy":"category","embeddable":true,"href":"https:\/\/www.egemtv.com\/index.php?rest_route=%2Fwp%2Fv2%2Fcategories&post=61313"},{"taxonomy":"post_tag","embeddable":true,"href":"https:\/\/www.egemtv.com\/index.php?rest_route=%2Fwp%2Fv2%2Ftags&post=61313"}],"curies":[{"name":"wp","href":"https:\/\/api.w.org\/{rel}","templated":true}]}}