{"id":61310,"date":"2025-10-14T14:14:55","date_gmt":"2025-10-14T11:14:55","guid":{"rendered":"https:\/\/www.egemtv.com\/?p=61310"},"modified":"2025-10-14T14:14:56","modified_gmt":"2025-10-14T11:14:56","slug":"dogu-ve-orta-avrupa-alim-heyeti-denizlide-ihracatcilarla-bulustu","status":"publish","type":"post","link":"https:\/\/www.egemtv.com\/?p=61310","title":{"rendered":"Do\u011fu ve orta Avrupa al\u0131m heyeti, Denizli\u2019de ihracat\u00e7\u0131larla bulu\u015ftu"},"content":{"rendered":"<p>Do\u011fu ve orta Avrupa al\u0131m heyeti program\u0131 kapsam\u0131nda, ev tekstili sekt\u00f6r\u00fcnde faaliyet g\u00f6steren 30 Denizlili firma, 5 farkl\u0131 \u00fclkeden gelen 22 yabanc\u0131 firma temsilcisiyle bir araya geldi.<\/p>\n<p>DEN\u0130B\u2019in ev sahipli\u011finde ger\u00e7ekle\u015ftirilen Do\u011fu ve Orta Avrupa Al\u0131m Heyeti Program\u0131, Denizli\u2019nin ihracat potansiyelini art\u0131rmak, hedef pazarlarda kal\u0131c\u0131 ticari ili\u015fkiler kurmak ve T\u00fcrk ev tekstilinin k\u00fcresel rekabet g\u00fcc\u00fcn\u00fc peki\u015ftirmek amac\u0131yla d\u00fczenleniyor. Ger\u00e7ekle\u015ftirilen ikili i\u015f g\u00f6r\u00fc\u015fmeleri ile yeni ticari ba\u011flant\u0131lar\u0131n kurulmas\u0131 ve uzun vadeli i\u015f birliklerinin geli\u015ftirilmesi hedefleniyor.<\/p>\n<p>Etkinli\u011fe ili\u015fkin de\u011ferlendirmelerde bulunan DEN\u0130B Ba\u015fkan\u0131 H\u00fcseyin Memi\u015fo\u011flu, Denizli\u2019nin Orta Avrupa\u2019daki ma\u011fazalarda art\u0131k kendi markalar\u0131yla sat\u0131\u015f yapabildi\u011fini vurgulayarak, kentin ev tekstili ihracat\u0131ndaki lider konumuna dikkat \u00e7ekti. Memi\u015fo\u011flu; &#8220;Denizli, tekstil ve \u00f6zellikle ev tekstili sekt\u00f6r\u00fcnde \u00fcretim g\u00fcc\u00fc, yenilik\u00e7i tasar\u0131mlar\u0131 ve kaliteli \u00fcr\u00fcnleriyle hem T\u00fcrkiye\u2019nin hem de D\u00fcnya\u2019n\u0131n en g\u00fc\u00e7l\u00fc \u00fcretim merkezlerinden biri konumunda. Bug\u00fcn burada ger\u00e7ekle\u015ftirdi\u011fimiz program, Do\u011fu ve Orta Avrupa \u00fclkeleriyle olan ticari ili\u015fkilerimizi daha da ileriye ta\u015f\u0131mak a\u00e7\u0131s\u0131ndan b\u00fcy\u00fck \u00f6nem ta\u015f\u0131yor. \u00dclkemizden d\u00fcnyaya ihra\u00e7 edilen her be\u015f havludan d\u00f6rd\u00fc, her on bornozdan yedisi ve her on nevresimden alt\u0131s\u0131 Denizli\u2019de \u00fcretiliyor. Ev tekstili olarak bakt\u0131\u011f\u0131m\u0131zda ise Denizli olarak T\u00fcrkiye\u2019nin toplam ev tekstili ihracat\u0131n\u0131n yakla\u015f\u0131k yar\u0131s\u0131n\u0131 ger\u00e7ekle\u015ftiriyoruz. Ger\u00e7ekle\u015ftirdi\u011fimiz bu programla, Do\u011fu ve Orta Avrupa \u00fclkeleriyle olan ticari ili\u015fkilerimizi g\u00fc\u00e7lendirmeyi, yeni pazarlarda daha kal\u0131c\u0131 bir \u015fekilde yer almay\u0131 hedefliyoruz. Denizli\u2019nin \u00fcretim g\u00fcc\u00fcn\u00fc ve tasar\u0131m kabiliyetini bu pazarlarda daha g\u00f6r\u00fcn\u00fcr k\u0131lmak istiyoruz.&#8221;<\/p>\n<p>Ba\u015fkan H\u00fcseyin Memi\u015fo\u011flu, s\u00fcrd\u00fcr\u00fclebilir ihracat art\u0131\u015f\u0131 i\u00e7in bu t\u00fcr etkinliklerin \u00f6nemine de de\u011finerek s\u00f6zlerini \u015f\u00f6yle s\u00fcrd\u00fcrd\u00fc:<br \/>\n<br \/>&#8220;Ev tekstili sekt\u00f6r\u00fcnde markala\u015fma, tasar\u0131m ve yenilik\u00e7ilik art\u0131k olmazsa olmaz hale geldi. Biz de bu do\u011frultuda ihracat\u00e7\u0131lar\u0131m\u0131za yeni i\u015f f\u0131rsatlar\u0131 sunan organizasyonlara \u00f6nc\u00fcl\u00fck ediyoruz. Al\u0131m heyeti programlar\u0131m\u0131z, firmalar\u0131m\u0131z\u0131n do\u011frudan yabanc\u0131 al\u0131c\u0131larla bir araya gelmesini sa\u011flayarak ticareti daha etkin ve verimli hale getiriyor. \u00d6n\u00fcm\u00fczdeki d\u00f6nemde benzer etkinliklerle ihracat\u00e7\u0131lar\u0131m\u0131z\u0131 farkl\u0131 pazarlarda da desteklemeye devam edece\u011fiz.&#8221;<br \/><\/p>\n","protected":false},"excerpt":{"rendered":"<p>Do\u011fu ve orta Avrupa al\u0131m heyeti program\u0131 kapsam\u0131nda, ev tekstili sekt\u00f6r\u00fcnde faaliyet g\u00f6steren 30 Denizlili firma, 5 farkl\u0131 \u00fclkeden gelen 22 yabanc\u0131 firma temsilcisiyle bir araya geldi. DEN\u0130B\u2019in ev sahipli\u011finde ger\u00e7ekle\u015ftirilen Do\u011fu ve Orta Avrupa Al\u0131m Heyeti Program\u0131, Denizli\u2019nin ihracat potansiyelini art\u0131rmak, hedef pazarlarda kal\u0131c\u0131 ticari ili\u015fkiler kurmak ve T\u00fcrk ev tekstilinin k\u00fcresel rekabet g\u00fcc\u00fcn\u00fc&#8230;<\/p>\n","protected":false},"author":1,"featured_media":61311,"comment_status":"open","ping_status":"open","sticky":false,"template":"","format":"standard","meta":{"_crdt_document":"","footnotes":""},"categories":[125],"tags":[],"class_list":["post-61310","post","type-post","status-publish","format-standard","has-post-thumbnail","hentry","category-ekonomi"],"_links":{"self":[{"href":"https:\/\/www.egemtv.com\/index.php?rest_route=\/wp\/v2\/posts\/61310","targetHints":{"allow":["GET"]}}],"collection":[{"href":"https:\/\/www.egemtv.com\/index.php?rest_route=\/wp\/v2\/posts"}],"about":[{"href":"https:\/\/www.egemtv.com\/index.php?rest_route=\/wp\/v2\/types\/post"}],"author":[{"embeddable":true,"href":"https:\/\/www.egemtv.com\/index.php?rest_route=\/wp\/v2\/users\/1"}],"replies":[{"embeddable":true,"href":"https:\/\/www.egemtv.com\/index.php?rest_route=%2Fwp%2Fv2%2Fcomments&post=61310"}],"version-history":[{"count":1,"href":"https:\/\/www.egemtv.com\/index.php?rest_route=\/wp\/v2\/posts\/61310\/revisions"}],"predecessor-version":[{"id":61312,"href":"https:\/\/www.egemtv.com\/index.php?rest_route=\/wp\/v2\/posts\/61310\/revisions\/61312"}],"wp:featuredmedia":[{"embeddable":true,"href":"https:\/\/www.egemtv.com\/index.php?rest_route=\/wp\/v2\/media\/61311"}],"wp:attachment":[{"href":"https:\/\/www.egemtv.com\/index.php?rest_route=%2Fwp%2Fv2%2Fmedia&parent=61310"}],"wp:term":[{"taxonomy":"category","embeddable":true,"href":"https:\/\/www.egemtv.com\/index.php?rest_route=%2Fwp%2Fv2%2Fcategories&post=61310"},{"taxonomy":"post_tag","embeddable":true,"href":"https:\/\/www.egemtv.com\/index.php?rest_route=%2Fwp%2Fv2%2Ftags&post=61310"}],"curies":[{"name":"wp","href":"https:\/\/api.w.org\/{rel}","templated":true}]}}