{"id":61307,"date":"2025-10-14T13:56:03","date_gmt":"2025-10-14T10:56:03","guid":{"rendered":"https:\/\/www.egemtv.com\/?p=61307"},"modified":"2025-10-14T13:56:04","modified_gmt":"2025-10-14T10:56:04","slug":"deplasmanda-afyonu-deviren-denizli-idmanyurdu-cikisini-surdurdu","status":"publish","type":"post","link":"https:\/\/www.egemtv.com\/?p=61307","title":{"rendered":"Deplasmanda Afyon\u2019u deviren Denizli \u0130dmanyurdu \u00e7\u0131k\u0131\u015f\u0131n\u0131 s\u00fcrd\u00fcrd\u00fc"},"content":{"rendered":"<p>TFF Nesine 3. Lig 4. Grup 6. Hafta ma\u00e7\u0131nda deplasmanda Afyonspor Kul\u00fcb\u00fc ile kar\u015f\u0131la\u015fan Denizlispor rakibini 2-1 ma\u011flup ederek haftay\u0131 3 puanla kapay\u0131p, deplasmanda ilk galibiyetini alm\u0131\u015f oldu.<\/p>\n<p>TFF Nesine 3. Lig 4. Grup 6. Haftas\u0131nda Afyon Zafer Stad\u0131nda oynanan m\u00fcsabakada Denizli \u0130dmanyurdu Afyonspor Kul\u00fcb\u00fcn\u00fc 2-1 ma\u011flup ederek galibiyet say\u0131s\u0131n\u0131 4\u2019e \u00e7\u0131kararak, deplasmanda ilk galibiyetini ald\u0131. M\u00fcsabakada Murat Torun\u2019un 23. Dakikada kaydetti\u011fi gol ile 1-0 \u00f6ne ge\u00e7en Denizli temsilcisi Afyonspor Kul\u00fcb\u00fcnden Cihan Akku\u015f\u2019un 67. Dakikada kaydetti\u011fi gol ile 1-1 olan ma\u00e7\u0131 Murat Torun\u2019un 90+8. Dakikada penalt\u0131dan kazand\u0131\u011f\u0131 gol ile 2-1 kazanmas\u0131n\u0131 bildi ve puan\u0131n\u0131 13\u2019e \u00e7\u0131kard\u0131.<\/p>\n<p>Kar\u015f\u0131la\u015fmay\u0131 de\u011ferlendiren Denizli \u0130dmanyurdu Teknik Sorumlusu \u00d6zcan Sert, zor bir ma\u00e7 olaca\u011f\u0131n\u0131 \u00f6nceden tahmin ettiklerini belirterek; &#8220;Ligin en zor ma\u00e7lar\u0131ndan birine \u00e7\u0131kaca\u011f\u0131m\u0131z\u0131 daha \u00f6nce de s\u00f6ylemi\u015ftim. \u00c7\u00fcnk\u00fc bir hafta \u00f6nce kendi sahas\u0131nda Ayval\u0131kg\u00fcc\u00fc gibi bir tak\u0131mdan puan alan kendi sahas\u0131nda puanlara ihtiyac\u0131 olan ve konum itibariyle \u00e7\u0131k\u0131\u015f arayan gen\u00e7 bir tak\u0131ma kar\u015f\u0131 oynayacakt\u0131k. Bu t\u00fcr ma\u00e7larda rakiplerin direnci \u00e7ok fazla oluyor. Savunma k\u0131sm\u0131na biraz daha fazla a\u011f\u0131rl\u0131k veriyorlar. Bizde her t\u00fcrl\u00fc h\u00fccum organizasyonlar\u0131na \u00e7al\u0131\u015ft\u0131k. Rakip \u00c7ar\u015famba g\u00fcn\u00fc bir de hoca de\u011fi\u015fikli\u011fi ya\u015fam\u0131\u015ft\u0131. Yeni hocayla motive olma durumlar\u0131 da vard\u0131. Ancak biz hafta boyu \u00e7al\u0131\u015ft\u0131\u011f\u0131m\u0131z h\u00fccum organizasyonlar\u0131na eksiksiz \u015fekilde uygulad\u0131k. Pozisyonlara da girdik. Sonu\u00e7ta ald\u0131k. Durumu 1-0 yapt\u0131k. Daha sonra ikinci devre de \u00e7ok \u015fanss\u0131z bir \u015fekilde kalenin i\u00e7inden topumuz \u00e7\u0131kt\u0131, birka\u00e7 pozisyon daha bulduk yararlan\u0131p fark\u0131 a\u00e7amad\u0131k&#8221; dedi.<\/p>\n<p>&#8220;Kazanmak i\u00e7in b\u00fct\u00fcn riskleri ald\u0131k&#8221;<br \/>\n<br \/>Daha sonra talihsiz bir bireysel hata ile skor 1-1\u2019e geldi diyen Teknik Sorumlu Sert  &#8220;1-1\u2019e geldikten sonra da elimizdeki imkanlarla skoru de\u011fi\u015ftirmeye \u00e7al\u0131\u015ft\u0131k. Son dakikalarda b\u00fct\u00fcn riskleri ald\u0131k \u00e7\u00fcnk\u00fc 3 puan almak istiyorduk. Bu s\u0131rada rakip kontra ataklarla tehlike olu\u015fturdu ama biz kalabal\u0131k h\u00fccum ettik. Son pozisyonda i\u00e7eride inan\u0131lmaz kalabal\u0131kt\u0131k. Oradan da do\u011fru bir penalt\u0131 ile Murat penalt\u0131y\u0131 gole \u00e7evirdi ve ma\u00e7\u0131 kazand\u0131k. Bizim i\u00e7in bu \u00e7\u0131k \u00f6nemliydi. Hem y\u00f6n\u00fcm\u00fcz\u00fc daha da sa\u011flamla\u015ft\u0131rmak ad\u0131na hem de b\u00f6ylesi bir deplasmandan \u00e7\u0131kmak ad\u0131na \u00e7ok iyi oldu. Bu t\u00fcr ma\u00e7lar her zaman zor olur. Bu sonu\u00e7la 13 puana ula\u015ft\u0131k. \u015eimdi izin vermeden \u00e7al\u0131\u015fmalara devam edece\u011fiz. Cumartesi, Eski\u015fehir deplasman\u0131 var. \u00c7ok ciddi bir ma\u00e7a gidece\u011fiz. B\u00fcy\u00fck bir camia ile oynayaca\u011f\u0131z. Hafta boyu onun keyfi ve heyecan\u0131 ile \u00e7al\u0131\u015f\u0131p ma\u00e7a en iyi \u015fekilde haz\u0131rlanaca\u011f\u0131z&#8221; ifadelerini kulland\u0131.<br \/><\/p>\n","protected":false},"excerpt":{"rendered":"<p>TFF Nesine 3. Lig 4. Grup 6. Hafta ma\u00e7\u0131nda deplasmanda Afyonspor Kul\u00fcb\u00fc ile kar\u015f\u0131la\u015fan Denizlispor rakibini 2-1 ma\u011flup ederek haftay\u0131 3 puanla kapay\u0131p, deplasmanda ilk galibiyetini alm\u0131\u015f oldu. TFF Nesine 3. Lig 4. Grup 6. Haftas\u0131nda Afyon Zafer Stad\u0131nda oynanan m\u00fcsabakada Denizli \u0130dmanyurdu Afyonspor Kul\u00fcb\u00fcn\u00fc 2-1 ma\u011flup ederek galibiyet say\u0131s\u0131n\u0131 4\u2019e \u00e7\u0131kararak, deplasmanda ilk galibiyetini&#8230;<\/p>\n","protected":false},"author":1,"featured_media":61308,"comment_status":"open","ping_status":"open","sticky":false,"template":"","format":"standard","meta":{"_crdt_document":"","footnotes":""},"categories":[4],"tags":[],"class_list":["post-61307","post","type-post","status-publish","format-standard","has-post-thumbnail","hentry","category-spor"],"_links":{"self":[{"href":"https:\/\/www.egemtv.com\/index.php?rest_route=\/wp\/v2\/posts\/61307","targetHints":{"allow":["GET"]}}],"collection":[{"href":"https:\/\/www.egemtv.com\/index.php?rest_route=\/wp\/v2\/posts"}],"about":[{"href":"https:\/\/www.egemtv.com\/index.php?rest_route=\/wp\/v2\/types\/post"}],"author":[{"embeddable":true,"href":"https:\/\/www.egemtv.com\/index.php?rest_route=\/wp\/v2\/users\/1"}],"replies":[{"embeddable":true,"href":"https:\/\/www.egemtv.com\/index.php?rest_route=%2Fwp%2Fv2%2Fcomments&post=61307"}],"version-history":[{"count":1,"href":"https:\/\/www.egemtv.com\/index.php?rest_route=\/wp\/v2\/posts\/61307\/revisions"}],"predecessor-version":[{"id":61309,"href":"https:\/\/www.egemtv.com\/index.php?rest_route=\/wp\/v2\/posts\/61307\/revisions\/61309"}],"wp:featuredmedia":[{"embeddable":true,"href":"https:\/\/www.egemtv.com\/index.php?rest_route=\/wp\/v2\/media\/61308"}],"wp:attachment":[{"href":"https:\/\/www.egemtv.com\/index.php?rest_route=%2Fwp%2Fv2%2Fmedia&parent=61307"}],"wp:term":[{"taxonomy":"category","embeddable":true,"href":"https:\/\/www.egemtv.com\/index.php?rest_route=%2Fwp%2Fv2%2Fcategories&post=61307"},{"taxonomy":"post_tag","embeddable":true,"href":"https:\/\/www.egemtv.com\/index.php?rest_route=%2Fwp%2Fv2%2Ftags&post=61307"}],"curies":[{"name":"wp","href":"https:\/\/api.w.org\/{rel}","templated":true}]}}