{"id":61304,"date":"2025-10-14T13:55:59","date_gmt":"2025-10-14T10:55:59","guid":{"rendered":"https:\/\/www.egemtv.com\/?p=61304"},"modified":"2025-10-14T13:56:01","modified_gmt":"2025-10-14T10:56:01","slug":"bozdogan-belediyesinden-kutuphane-catisina-duzenleme","status":"publish","type":"post","link":"https:\/\/www.egemtv.com\/?p=61304","title":{"rendered":"Bozdo\u011fan Belediyesi\u2019nden k\u00fct\u00fcphane \u00e7at\u0131s\u0131na d\u00fczenleme"},"content":{"rendered":"<p>Bozdo\u011fan Belediyesi, il\u00e7e k\u00fct\u00fcphanesinde y\u00fcr\u00fct\u00fclen \u00e7at\u0131 kapatma \u00e7al\u0131\u015fmas\u0131n\u0131 tamamlad\u0131.<\/p>\n<p>\u00d6\u011frenciler ve \u00f6\u011fretmenlerin daha elveri\u015fli \u015fartlarda hizmet alabilmesi amac\u0131yla ba\u015flat\u0131lan \u00e7al\u0131\u015fma, Fen \u0130\u015fleri M\u00fcd\u00fcrl\u00fc\u011f\u00fc ekiplerince titizlikle y\u00fcr\u00fct\u00fcld\u00fc. K\u0131\u015f mevsimi \u00f6ncesinde tamamlanan d\u00fczenleme ile k\u00fct\u00fcphane binas\u0131n\u0131n \u00e7at\u0131s\u0131 kapat\u0131larak, ya\u011f\u0131\u015fl\u0131 havalarda olu\u015fabilecek olumsuzluklar\u0131n \u00f6n\u00fcne ge\u00e7ildi. Ger\u00e7ekle\u015ftirilen \u00e7al\u0131\u015fma sayesinde, k\u00fct\u00fcphaneden faydalanan \u00f6\u011frenciler ve \u00f6\u011fretmenler i\u00e7in daha konforlu ve g\u00fcvenli bir ortam olu\u015fturuldu.<\/p>\n<p>Bozdo\u011fan Belediyesi\u2019nden yap\u0131lan a\u00e7\u0131klamada, &#8220;E\u011fitim alan\u0131nda y\u00fcr\u00fctt\u00fc\u011f\u00fcm\u00fcz iyile\u015ftirme ve destek \u00e7al\u0131\u015fmalar\u0131na \u00f6n\u00fcm\u00fczdeki s\u00fcre\u00e7te de devam edece\u011fiz&#8221; ifadelerine yer verildi.<br \/><\/p>\n","protected":false},"excerpt":{"rendered":"<p>Bozdo\u011fan Belediyesi, il\u00e7e k\u00fct\u00fcphanesinde y\u00fcr\u00fct\u00fclen \u00e7at\u0131 kapatma \u00e7al\u0131\u015fmas\u0131n\u0131 tamamlad\u0131. \u00d6\u011frenciler ve \u00f6\u011fretmenlerin daha elveri\u015fli \u015fartlarda hizmet alabilmesi amac\u0131yla ba\u015flat\u0131lan \u00e7al\u0131\u015fma, Fen \u0130\u015fleri M\u00fcd\u00fcrl\u00fc\u011f\u00fc ekiplerince titizlikle y\u00fcr\u00fct\u00fcld\u00fc. K\u0131\u015f mevsimi \u00f6ncesinde tamamlanan d\u00fczenleme ile k\u00fct\u00fcphane binas\u0131n\u0131n \u00e7at\u0131s\u0131 kapat\u0131larak, ya\u011f\u0131\u015fl\u0131 havalarda olu\u015fabilecek olumsuzluklar\u0131n \u00f6n\u00fcne ge\u00e7ildi. Ger\u00e7ekle\u015ftirilen \u00e7al\u0131\u015fma sayesinde, k\u00fct\u00fcphaneden faydalanan \u00f6\u011frenciler ve \u00f6\u011fretmenler i\u00e7in daha konforlu ve g\u00fcvenli&#8230;<\/p>\n","protected":false},"author":1,"featured_media":61305,"comment_status":"open","ping_status":"open","sticky":false,"template":"","format":"standard","meta":{"_crdt_document":"","footnotes":""},"categories":[1],"tags":[],"class_list":["post-61304","post","type-post","status-publish","format-standard","has-post-thumbnail","hentry","category-guncel"],"_links":{"self":[{"href":"https:\/\/www.egemtv.com\/index.php?rest_route=\/wp\/v2\/posts\/61304","targetHints":{"allow":["GET"]}}],"collection":[{"href":"https:\/\/www.egemtv.com\/index.php?rest_route=\/wp\/v2\/posts"}],"about":[{"href":"https:\/\/www.egemtv.com\/index.php?rest_route=\/wp\/v2\/types\/post"}],"author":[{"embeddable":true,"href":"https:\/\/www.egemtv.com\/index.php?rest_route=\/wp\/v2\/users\/1"}],"replies":[{"embeddable":true,"href":"https:\/\/www.egemtv.com\/index.php?rest_route=%2Fwp%2Fv2%2Fcomments&post=61304"}],"version-history":[{"count":1,"href":"https:\/\/www.egemtv.com\/index.php?rest_route=\/wp\/v2\/posts\/61304\/revisions"}],"predecessor-version":[{"id":61306,"href":"https:\/\/www.egemtv.com\/index.php?rest_route=\/wp\/v2\/posts\/61304\/revisions\/61306"}],"wp:featuredmedia":[{"embeddable":true,"href":"https:\/\/www.egemtv.com\/index.php?rest_route=\/wp\/v2\/media\/61305"}],"wp:attachment":[{"href":"https:\/\/www.egemtv.com\/index.php?rest_route=%2Fwp%2Fv2%2Fmedia&parent=61304"}],"wp:term":[{"taxonomy":"category","embeddable":true,"href":"https:\/\/www.egemtv.com\/index.php?rest_route=%2Fwp%2Fv2%2Fcategories&post=61304"},{"taxonomy":"post_tag","embeddable":true,"href":"https:\/\/www.egemtv.com\/index.php?rest_route=%2Fwp%2Fv2%2Ftags&post=61304"}],"curies":[{"name":"wp","href":"https:\/\/api.w.org\/{rel}","templated":true}]}}