{"id":61301,"date":"2025-10-14T13:55:57","date_gmt":"2025-10-14T10:55:57","guid":{"rendered":"https:\/\/www.egemtv.com\/?p=61301"},"modified":"2025-10-14T13:55:58","modified_gmt":"2025-10-14T10:55:58","slug":"adu-ogrencilerine-2-bin-446-kisilik-kontenjan-destegi","status":"publish","type":"post","link":"https:\/\/www.egemtv.com\/?p=61301","title":{"rendered":"AD\u00dc \u00f6\u011frencilerine 2 bin 446 ki\u015filik kontenjan deste\u011fi"},"content":{"rendered":"<p>\u00c7al\u0131\u015fma ve Sosyal G\u00fcvenlik Bakanl\u0131\u011f\u0131 T\u00fcrkiye \u0130\u015f Kurumu (\u0130\u015eKUR) Genel M\u00fcd\u00fcrl\u00fc\u011f\u00fc taraf\u0131ndan y\u00fcr\u00fct\u00fclen \u0130\u015eKUR Gen\u00e7lik Program\u0131 kapsam\u0131nda, Ayd\u0131n Adnan Menderes \u00dcniversitesi (AD\u00dc) \u00f6\u011frencilerine istihdam f\u0131rsat\u0131 sunuldu. 2025-2026 e\u011fitim-\u00f6\u011fretim d\u00f6neminde ge\u00e7erli olmak \u00fczere, AD\u00dc \u00f6\u011frencilerinin yararlanabilece\u011fi 2 bin 446 ki\u015filik kontenjan ayr\u0131ld\u0131.<br \/>\n<br \/>Program kapsam\u0131nda \u00f6\u011frenciler, 30 Haziran 2026 tarihine kadar \u00fcniversitenin farkl\u0131 birimlerinde g\u00f6rev alarak hem e\u011fitim s\u00fcre\u00e7lerini destekleyecek hem de i\u015f deneyimi kazanacak. Bu sayede \u00f6\u011frenciler hem ekonomik olarak g\u00fc\u00e7lenecek hem de mezuniyet \u00f6ncesinde i\u015f disiplini, sorumluluk bilinci ve kurumsal \u00e7al\u0131\u015fma k\u00fclt\u00fcr\u00fcn\u00fc tan\u0131ma f\u0131rsat\u0131 bulacak.<br \/>\n<br \/>Bu geli\u015fmeyi \u00fcniversite \u00f6\u011frencileri a\u00e7\u0131s\u0131ndan son derece \u00f6nemli bir f\u0131rsat olarak de\u011ferlendiren AD\u00dc Rekt\u00f6r\u00fc Prof. Dr. B\u00fclent Kent, &#8220;\u0130\u015eKUR\u2019un Gen\u00e7lik Program\u0131 kapsam\u0131nda \u00dcniversitemize tahsis edilen 2 bin 446 ki\u015filik kontenjan, \u00f6\u011frencilerimiz i\u00e7in hem ekonomik destek hem de kariyer geli\u015fimi a\u00e7\u0131s\u0131ndan b\u00fcy\u00fck bir kazan\u0131md\u0131r. Gen\u00e7lerimizin \u00fcniversite ya\u015fam\u0131 boyunca hem okullar\u0131na hem de kendi geleceklerine katk\u0131 sa\u011flayabilecekleri bu t\u00fcr programlar, onlar\u0131n \u00f6zg\u00fcvenini ve \u00fcretkenli\u011fini art\u0131rmaktad\u0131r. Bu y\u0131lki kontenjan say\u0131s\u0131ndaki art\u0131\u015f \u00f6\u011frencilerimiz ad\u0131na \u00e7ok sevindirici. Ge\u00e7ti\u011fimiz y\u0131l \u0130\u015eKUR Gen\u00e7lik Program\u0131 kapsam\u0131nda \u00fcniversitemizde 1470 \u00f6\u011frencimiz istihdam edilmi\u015fti. Bu y\u0131l say\u0131n\u0131n 2 bin 446\u2019ya y\u00fckselmesi, \u00f6nemli bir art\u0131\u015fa kar\u015f\u0131l\u0131k geliyor. Bu art\u0131\u015f hem \u00fcniversitenin kurumsal kapasitesinin hem de \u00f6\u011frenci odakl\u0131 yakla\u015f\u0131m\u0131n\u0131n bir g\u00f6stergesidir. Bu deste\u011fin, \u00f6\u011frencilerimizin e\u011fitimle birlikte \u00fcretime kat\u0131lmalar\u0131n\u0131 te\u015fvik edece\u011fine inan\u0131yorum. Bu art\u0131\u015f\u0131n sa\u011flanmas\u0131nda \u00fcniversite-\u0130\u015eKUR i\u015f birli\u011finin g\u00fc\u00e7lenmesinin yan\u0131 s\u0131ra, Rekt\u00f6r Yard\u0131mc\u0131m\u0131z Prof. Dr. Cemal \u0130yem\u2019in \u00c7al\u0131\u015fma ve Sosyal G\u00fcvenlik Bakanl\u0131\u011f\u0131 nezdindeki koordinasyon ve dan\u0131\u015fmanl\u0131k \u00e7al\u0131\u015fmalar\u0131yla s\u00fcre\u00e7 daha verimli ilerledi. Kendilerinin bu s\u00fcre\u00e7teki katk\u0131lar\u0131yla \u00dcniversitemiz, \u00f6\u011frencilerimizin istihdam\u0131na y\u00f6nelik \u00e7ok daha g\u00fc\u00e7l\u00fc bir destek elde etmi\u015ftir. \u00dcniversite y\u00f6netimi olarak, \u00f6\u011frenci odakl\u0131 projelerde i\u015f birli\u011fini art\u0131rmaya devam edece\u011fiz&#8221; dedi.<br \/>\n<br \/>Rekt\u00f6r Prof. Dr. B\u00fclent Kent, ayr\u0131ca \u0130\u015eKUR\u2019un sa\u011flad\u0131\u011f\u0131 bu program\u0131n yaln\u0131zca maddi bir katk\u0131 de\u011fil, ayn\u0131 zamanda gen\u00e7lerin istihdama haz\u0131rlanmas\u0131nda stratejik bir ad\u0131m oldu\u011funu vurgulayarak &#8220;\u00dcniversitemiz, \u00f6\u011frencilerinin sadece akademik de\u011fil, mesleki olarak da geli\u015fmesini \u00f6nemsemektedir. \u0130\u015eKUR\u2019un sundu\u011fu bu imk\u00e2nla \u00f6\u011frencilerimiz ger\u00e7ek i\u015f ortamlar\u0131n\u0131 deneyimleyecek, toplumla daha g\u00fc\u00e7l\u00fc ba\u011flar kuracak ve mezuniyet sonras\u0131nda i\u015f ya\u015fam\u0131na daha haz\u0131rl\u0131kl\u0131 bireyler olarak ad\u0131m atacaklard\u0131r. Bu s\u00fcre\u00e7te eme\u011fi ge\u00e7en \u00c7al\u0131\u015fma ve Sosyal G\u00fcvenlik Bakanl\u0131\u011f\u0131m\u0131za, \u0130\u015eKUR Genel M\u00fcd\u00fcrl\u00fc\u011f\u00fcne ve t\u00fcm payda\u015flar\u0131m\u0131za te\u015fekk\u00fcr ediyorum&#8221; dedi.<br \/>\n<br \/>Ba\u015fvuru s\u00fcreci, tarihleri ve ko\u015fullar\u0131yla ilgili detaylar, \u00fcniversite resmi duyuru kanallar\u0131 ve sosyal medya hesaplar\u0131 \u00fczerinden \u00f6\u011frencilerle payla\u015f\u0131ld\u0131.<br \/><\/p>\n","protected":false},"excerpt":{"rendered":"<p>\u00c7al\u0131\u015fma ve Sosyal G\u00fcvenlik Bakanl\u0131\u011f\u0131 T\u00fcrkiye \u0130\u015f Kurumu (\u0130\u015eKUR) Genel M\u00fcd\u00fcrl\u00fc\u011f\u00fc taraf\u0131ndan y\u00fcr\u00fct\u00fclen \u0130\u015eKUR Gen\u00e7lik Program\u0131 kapsam\u0131nda, Ayd\u0131n Adnan Menderes \u00dcniversitesi (AD\u00dc) \u00f6\u011frencilerine istihdam f\u0131rsat\u0131 sunuldu. 2025-2026 e\u011fitim-\u00f6\u011fretim d\u00f6neminde ge\u00e7erli olmak \u00fczere, AD\u00dc \u00f6\u011frencilerinin yararlanabilece\u011fi 2 bin 446 ki\u015filik kontenjan ayr\u0131ld\u0131. Program kapsam\u0131nda \u00f6\u011frenciler, 30 Haziran 2026 tarihine kadar \u00fcniversitenin farkl\u0131 birimlerinde g\u00f6rev alarak hem&#8230;<\/p>\n","protected":false},"author":1,"featured_media":61302,"comment_status":"open","ping_status":"open","sticky":false,"template":"","format":"standard","meta":{"_crdt_document":"","footnotes":""},"categories":[1],"tags":[],"class_list":["post-61301","post","type-post","status-publish","format-standard","has-post-thumbnail","hentry","category-guncel"],"_links":{"self":[{"href":"https:\/\/www.egemtv.com\/index.php?rest_route=\/wp\/v2\/posts\/61301","targetHints":{"allow":["GET"]}}],"collection":[{"href":"https:\/\/www.egemtv.com\/index.php?rest_route=\/wp\/v2\/posts"}],"about":[{"href":"https:\/\/www.egemtv.com\/index.php?rest_route=\/wp\/v2\/types\/post"}],"author":[{"embeddable":true,"href":"https:\/\/www.egemtv.com\/index.php?rest_route=\/wp\/v2\/users\/1"}],"replies":[{"embeddable":true,"href":"https:\/\/www.egemtv.com\/index.php?rest_route=%2Fwp%2Fv2%2Fcomments&post=61301"}],"version-history":[{"count":1,"href":"https:\/\/www.egemtv.com\/index.php?rest_route=\/wp\/v2\/posts\/61301\/revisions"}],"predecessor-version":[{"id":61303,"href":"https:\/\/www.egemtv.com\/index.php?rest_route=\/wp\/v2\/posts\/61301\/revisions\/61303"}],"wp:featuredmedia":[{"embeddable":true,"href":"https:\/\/www.egemtv.com\/index.php?rest_route=\/wp\/v2\/media\/61302"}],"wp:attachment":[{"href":"https:\/\/www.egemtv.com\/index.php?rest_route=%2Fwp%2Fv2%2Fmedia&parent=61301"}],"wp:term":[{"taxonomy":"category","embeddable":true,"href":"https:\/\/www.egemtv.com\/index.php?rest_route=%2Fwp%2Fv2%2Fcategories&post=61301"},{"taxonomy":"post_tag","embeddable":true,"href":"https:\/\/www.egemtv.com\/index.php?rest_route=%2Fwp%2Fv2%2Ftags&post=61301"}],"curies":[{"name":"wp","href":"https:\/\/api.w.org\/{rel}","templated":true}]}}