{"id":61298,"date":"2025-10-14T13:55:54","date_gmt":"2025-10-14T10:55:54","guid":{"rendered":"https:\/\/www.egemtv.com\/?p=61298"},"modified":"2025-10-14T13:55:56","modified_gmt":"2025-10-14T10:55:56","slug":"yuruyus-icin-ciktigi-dagda-kayboldu-3-gundur-aranan-yasli-adami-coban-buldu","status":"publish","type":"post","link":"https:\/\/www.egemtv.com\/?p=61298","title":{"rendered":"Y\u00fcr\u00fcy\u00fc\u015f i\u00e7in \u00e7\u0131kt\u0131\u011f\u0131 da\u011fda kayboldu, 3 g\u00fcnd\u00fcr aranan ya\u015fl\u0131 adam\u0131 \u00e7oban buldu"},"content":{"rendered":"<p>Isparta\u2019n\u0131n E\u011firdir il\u00e7esinde 3 g\u00fcn \u00f6nce kaybolan Hur\u015fit Y\u0131ld\u0131r\u0131m\u2019\u0131 \u015fans eseri b\u00f6lgedeki \u00e7oban buldu. \u00c7oban\u0131n telefonu ile yak\u0131nlar\u0131yla konu\u015fan Y\u0131ld\u0131r\u0131m, &#8220;Ben y\u00fcr\u00fcy\u00fc\u015f i\u00e7in \u00e7\u0131kt\u0131m geri de d\u00f6nemedim. Suyum olmad\u0131\u011f\u0131 i\u00e7in 3 g\u00fcnd\u00fcr oru\u00e7 tutuyorum. Ad\u0131m atacak halim kalmad\u0131&#8221; dedi.<br \/>\n<br \/>Edinilen bilgiye g\u00f6re, Isparta\u2019n\u0131n E\u011firdir il\u00e7esinde do\u011fa y\u00fcr\u00fcy\u00fc\u015f\u00fcne \u00e7\u0131kan Hur\u015fit Y\u0131ld\u0131r\u0131m (75), Oluklac\u0131 Tepesi civar\u0131nda kayboldu. Cumartesi sabah\u0131ndan bu yana kendisinden haber al\u0131namayan Y\u0131ld\u0131r\u0131m\u2019\u0131 arama \u00e7al\u0131\u015fmalar\u0131 3\u2019\u00fcnc\u00fc g\u00fcn\u00fcnde devam ediyordu. Y\u0131ld\u0131r\u0131m\u2019\u0131n bulunmas\u0131 i\u00e7in b\u00f6lgede kriz masas\u0131 olu\u015fturuldu. AFAD, Isparta Jandarma Arama Kurtarma (JAK), E\u011firdir \u0130l\u00e7e Jandarma Komutanl\u0131\u011f\u0131, Jandarma Asayi\u015f Komando, AFAD g\u00f6n\u00fcll\u00fcleri, arama ve kurtarma dernekleri, iz takip k\u00f6pekleri, dron ve sivil vatanda\u015flardan olu\u015fan yakla\u015f\u0131k 55 ki\u015filik ekip g\u00f6rev yapt\u0131. Bug\u00fcn sabah saatlerinde b\u00f6lgede \u00e7obanl\u0131k yapan bir vatanda\u015f taraf\u0131ndan Y\u0131ld\u0131r\u0131m bulundu. \u00c7oban\u0131n telefonuyla yak\u0131nlar\u0131na ula\u015fan Y\u0131ld\u0131r\u0131m, yerini E\u011firdir Arama Kurtarma \u00fcyesi Abdurrahman Sinap anlatt\u0131. Y\u0131ld\u0131r\u0131m telefon g\u00f6r\u00fc\u015fmesinde, &#8220;Allah r\u0131zas\u0131 i\u00e7in beni kurtar\u0131n. Yerimi g\u00f6r\u00fcyor musunuz? Ben y\u00fcr\u00fcy\u00fc\u015f i\u00e7in \u00e7\u0131kt\u0131m geri de d\u00f6nemedim. Suyum olmad\u0131\u011f\u0131 i\u00e7in 3 g\u00fcnd\u00fcr oru\u00e7 tutuyorum. Ad\u0131m atacak halim kalmad\u0131&#8221; \u015feklinde konu\u015ftu.<br \/>\n<br \/>Yeri tespit edilen Y\u0131ld\u0131r\u0131m\u2019\u0131n ekipler taraf\u0131ndan kurtar\u0131lma \u00e7abalar\u0131 devam ediyor.<br \/><\/p>\n","protected":false},"excerpt":{"rendered":"<p>Isparta\u2019n\u0131n E\u011firdir il\u00e7esinde 3 g\u00fcn \u00f6nce kaybolan Hur\u015fit Y\u0131ld\u0131r\u0131m\u2019\u0131 \u015fans eseri b\u00f6lgedeki \u00e7oban buldu. \u00c7oban\u0131n telefonu ile yak\u0131nlar\u0131yla konu\u015fan Y\u0131ld\u0131r\u0131m, &#8220;Ben y\u00fcr\u00fcy\u00fc\u015f i\u00e7in \u00e7\u0131kt\u0131m geri de d\u00f6nemedim. Suyum olmad\u0131\u011f\u0131 i\u00e7in 3 g\u00fcnd\u00fcr oru\u00e7 tutuyorum. Ad\u0131m atacak halim kalmad\u0131&#8221; dedi. Edinilen bilgiye g\u00f6re, Isparta\u2019n\u0131n E\u011firdir il\u00e7esinde do\u011fa y\u00fcr\u00fcy\u00fc\u015f\u00fcne \u00e7\u0131kan Hur\u015fit Y\u0131ld\u0131r\u0131m (75), Oluklac\u0131 Tepesi civar\u0131nda kayboldu&#8230;.<\/p>\n","protected":false},"author":1,"featured_media":61299,"comment_status":"open","ping_status":"open","sticky":false,"template":"","format":"standard","meta":{"_crdt_document":"","footnotes":""},"categories":[5],"tags":[],"class_list":["post-61298","post","type-post","status-publish","format-standard","has-post-thumbnail","hentry","category-asayis"],"_links":{"self":[{"href":"https:\/\/www.egemtv.com\/index.php?rest_route=\/wp\/v2\/posts\/61298","targetHints":{"allow":["GET"]}}],"collection":[{"href":"https:\/\/www.egemtv.com\/index.php?rest_route=\/wp\/v2\/posts"}],"about":[{"href":"https:\/\/www.egemtv.com\/index.php?rest_route=\/wp\/v2\/types\/post"}],"author":[{"embeddable":true,"href":"https:\/\/www.egemtv.com\/index.php?rest_route=\/wp\/v2\/users\/1"}],"replies":[{"embeddable":true,"href":"https:\/\/www.egemtv.com\/index.php?rest_route=%2Fwp%2Fv2%2Fcomments&post=61298"}],"version-history":[{"count":1,"href":"https:\/\/www.egemtv.com\/index.php?rest_route=\/wp\/v2\/posts\/61298\/revisions"}],"predecessor-version":[{"id":61300,"href":"https:\/\/www.egemtv.com\/index.php?rest_route=\/wp\/v2\/posts\/61298\/revisions\/61300"}],"wp:featuredmedia":[{"embeddable":true,"href":"https:\/\/www.egemtv.com\/index.php?rest_route=\/wp\/v2\/media\/61299"}],"wp:attachment":[{"href":"https:\/\/www.egemtv.com\/index.php?rest_route=%2Fwp%2Fv2%2Fmedia&parent=61298"}],"wp:term":[{"taxonomy":"category","embeddable":true,"href":"https:\/\/www.egemtv.com\/index.php?rest_route=%2Fwp%2Fv2%2Fcategories&post=61298"},{"taxonomy":"post_tag","embeddable":true,"href":"https:\/\/www.egemtv.com\/index.php?rest_route=%2Fwp%2Fv2%2Ftags&post=61298"}],"curies":[{"name":"wp","href":"https:\/\/api.w.org\/{rel}","templated":true}]}}