{"id":61295,"date":"2025-10-14T13:35:43","date_gmt":"2025-10-14T10:35:43","guid":{"rendered":"https:\/\/www.egemtv.com\/?p=61295"},"modified":"2025-10-14T13:35:44","modified_gmt":"2025-10-14T10:35:44","slug":"muglada-hasat-oncesi-denetimlerde-yasakli-maddeye-gecit-yok","status":"publish","type":"post","link":"https:\/\/www.egemtv.com\/?p=61295","title":{"rendered":"Mu\u011fla\u2019da hasat \u00f6ncesi denetimlerde yasakl\u0131 maddeye ge\u00e7it yok"},"content":{"rendered":"<p>Mu\u011fla \u0130l Tar\u0131m ve Orman M\u00fcd\u00fcrl\u00fc\u011f\u00fc ekiplerinin, 2025 y\u0131l\u0131 hasat \u00f6ncesi g\u0131da g\u00fcvenli\u011fini sa\u011flamak amac\u0131yla y\u00fcr\u00fctt\u00fc\u011f\u00fc pestisit denetimleri kapsam\u0131nda Seydikemer il\u00e7esinde yasakl\u0131 maddeye rastland\u0131.<\/p>\n<p>Ekiplerce Seydikemer\u2019deki ba\u011flardan al\u0131nan \u00fcz\u00fcm numuneleri \u00fczerinde yap\u0131lan analizler sonucunda, numunelerde \u00fclkemizde kullan\u0131m\u0131 sonland\u0131r\u0131lm\u0131\u015f olan &#8220;Dimethoate&#8221; aktif maddesi tespit edildi. Dimethoate\u2019un, bitki koruma \u00fcr\u00fcnlerinde kullan\u0131m\u0131 yasaklanm\u0131\u015f olmas\u0131, \u00fcr\u00fcnlerin g\u0131da g\u00fcvenli\u011fi a\u00e7\u0131s\u0131ndan risk ta\u015f\u0131d\u0131\u011f\u0131 anlam\u0131na geliyor.<br \/>\n<br \/>Mu\u011fla Tar\u0131m ve Orman \u0130l M\u00fcd\u00fcrl\u00fc\u011f\u00fcnden yap\u0131lan a\u00e7\u0131klamada, ilgili mevzuat h\u00fck\u00fcmleri gere\u011fi s\u00f6z konusu \u00fcr\u00fcnler i\u00e7in yasal i\u015flemlerin hemen ba\u015flat\u0131ld\u0131\u011f\u0131 belirtildi. Bu kapsamda, Dimethoate kal\u0131nt\u0131s\u0131 bulunan \u00fcr\u00fcnler i\u00e7in \u00fcreticiye idari yapt\u0131r\u0131m uyguland\u0131. Ayr\u0131ca, t\u00fcketicinin sa\u011fl\u0131\u011f\u0131n\u0131 korumak ve \u00fcr\u00fcnlerin piyasaya s\u00fcr\u00fclmesini engellemek amac\u0131yla hasada gelen t\u00fcm \u00fcr\u00fcnlerin imha i\u015flemi ger\u00e7ekle\u015ftirildi.<\/p>\n<p>Mu\u011fla \u0130l Tar\u0131m ve Orman M\u00fcd\u00fcrl\u00fc\u011f\u00fc yetkilileri, bitkisel \u00fcretimde g\u0131da g\u00fcvenli\u011fini ve t\u00fcketici sa\u011fl\u0131\u011f\u0131n\u0131 koruma misyonu \u00e7er\u00e7evesinde pestisit denetimlerinin kararl\u0131l\u0131kla ve aral\u0131ks\u0131z bir \u015fekilde devam edece\u011finin alt\u0131n\u0131 \u00e7izdi.<br \/><\/p>\n","protected":false},"excerpt":{"rendered":"<p>Mu\u011fla \u0130l Tar\u0131m ve Orman M\u00fcd\u00fcrl\u00fc\u011f\u00fc ekiplerinin, 2025 y\u0131l\u0131 hasat \u00f6ncesi g\u0131da g\u00fcvenli\u011fini sa\u011flamak amac\u0131yla y\u00fcr\u00fctt\u00fc\u011f\u00fc pestisit denetimleri kapsam\u0131nda Seydikemer il\u00e7esinde yasakl\u0131 maddeye rastland\u0131. Ekiplerce Seydikemer\u2019deki ba\u011flardan al\u0131nan \u00fcz\u00fcm numuneleri \u00fczerinde yap\u0131lan analizler sonucunda, numunelerde \u00fclkemizde kullan\u0131m\u0131 sonland\u0131r\u0131lm\u0131\u015f olan &#8220;Dimethoate&#8221; aktif maddesi tespit edildi. Dimethoate\u2019un, bitki koruma \u00fcr\u00fcnlerinde kullan\u0131m\u0131 yasaklanm\u0131\u015f olmas\u0131, \u00fcr\u00fcnlerin g\u0131da g\u00fcvenli\u011fi a\u00e7\u0131s\u0131ndan&#8230;<\/p>\n","protected":false},"author":1,"featured_media":61296,"comment_status":"open","ping_status":"open","sticky":false,"template":"","format":"standard","meta":{"_crdt_document":"","footnotes":""},"categories":[1],"tags":[],"class_list":["post-61295","post","type-post","status-publish","format-standard","has-post-thumbnail","hentry","category-guncel"],"_links":{"self":[{"href":"https:\/\/www.egemtv.com\/index.php?rest_route=\/wp\/v2\/posts\/61295","targetHints":{"allow":["GET"]}}],"collection":[{"href":"https:\/\/www.egemtv.com\/index.php?rest_route=\/wp\/v2\/posts"}],"about":[{"href":"https:\/\/www.egemtv.com\/index.php?rest_route=\/wp\/v2\/types\/post"}],"author":[{"embeddable":true,"href":"https:\/\/www.egemtv.com\/index.php?rest_route=\/wp\/v2\/users\/1"}],"replies":[{"embeddable":true,"href":"https:\/\/www.egemtv.com\/index.php?rest_route=%2Fwp%2Fv2%2Fcomments&post=61295"}],"version-history":[{"count":1,"href":"https:\/\/www.egemtv.com\/index.php?rest_route=\/wp\/v2\/posts\/61295\/revisions"}],"predecessor-version":[{"id":61297,"href":"https:\/\/www.egemtv.com\/index.php?rest_route=\/wp\/v2\/posts\/61295\/revisions\/61297"}],"wp:featuredmedia":[{"embeddable":true,"href":"https:\/\/www.egemtv.com\/index.php?rest_route=\/wp\/v2\/media\/61296"}],"wp:attachment":[{"href":"https:\/\/www.egemtv.com\/index.php?rest_route=%2Fwp%2Fv2%2Fmedia&parent=61295"}],"wp:term":[{"taxonomy":"category","embeddable":true,"href":"https:\/\/www.egemtv.com\/index.php?rest_route=%2Fwp%2Fv2%2Fcategories&post=61295"},{"taxonomy":"post_tag","embeddable":true,"href":"https:\/\/www.egemtv.com\/index.php?rest_route=%2Fwp%2Fv2%2Ftags&post=61295"}],"curies":[{"name":"wp","href":"https:\/\/api.w.org\/{rel}","templated":true}]}}