{"id":61277,"date":"2025-10-14T12:35:29","date_gmt":"2025-10-14T09:35:29","guid":{"rendered":"https:\/\/www.egemtv.com\/?p=61277"},"modified":"2025-10-14T12:35:31","modified_gmt":"2025-10-14T09:35:31","slug":"salihli-kaymakami-guldogan-gelecegin-bilim-insanlariyla-bulustu","status":"publish","type":"post","link":"https:\/\/www.egemtv.com\/?p=61277","title":{"rendered":"Salihli Kaymakam\u0131 G\u00fcldo\u011fan, gelece\u011fin bilim insanlar\u0131yla bulu\u015ftu"},"content":{"rendered":"<p>Manisa\u2019n\u0131n Salihli il\u00e7e Kaymakam\u0131 Ali G\u00fcldo\u011fan, gen\u00e7lerin teknolojiye ve bilime olan ilgisini desteklemek amac\u0131yla Lavender Robotics Kodlama ve Robotik Tak\u0131m\u0131n\u0131 ziyaret etti.<br \/>\n<br \/>Ziyarette, tak\u0131m \u00fcyeleri y\u00fcr\u00fctt\u00fckleri projeler, kat\u0131ld\u0131klar\u0131 ulusal ve uluslararas\u0131 yar\u0131\u015fmalarda elde ettikleri ba\u015far\u0131lar ile sosyal sorumluluk faaliyetleri hakk\u0131nda Kaymakam G\u00fcldo\u011fan\u2019a bilgi verdi. \u00d6\u011frencilerin azmi ve ba\u015far\u0131lar\u0131ndan duydu\u011fu memnuniyeti dile getiren Kaymakam G\u00fcldo\u011fan, gen\u00e7lerin teknolojiye olan ilgisinin gelece\u011fe dair umut verici oldu\u011funu vurgulad\u0131. Salihli\u2019nin gururu Lavender Robotics Tak\u0131m\u0131, STEM ve robotik alanlar\u0131nda y\u00fcr\u00fctt\u00fc\u011f\u00fc \u00e7al\u0131\u015fmalarla 2025 y\u0131l\u0131nda ABD\u2019de d\u00fczenlenecek FIRST Robotics D\u00fcnya \u015eampiyonas\u0131\u2019na kat\u0131lma hakk\u0131 kazand\u0131.<br \/>\n<br \/>Kaymakam G\u00fcldo\u011fan, ziyarette \u00f6\u011frencileri tebrik ederek ba\u015far\u0131lar\u0131n\u0131n devam\u0131n\u0131 diledi.<br \/><\/p>\n","protected":false},"excerpt":{"rendered":"<p>Manisa\u2019n\u0131n Salihli il\u00e7e Kaymakam\u0131 Ali G\u00fcldo\u011fan, gen\u00e7lerin teknolojiye ve bilime olan ilgisini desteklemek amac\u0131yla Lavender Robotics Kodlama ve Robotik Tak\u0131m\u0131n\u0131 ziyaret etti. Ziyarette, tak\u0131m \u00fcyeleri y\u00fcr\u00fctt\u00fckleri projeler, kat\u0131ld\u0131klar\u0131 ulusal ve uluslararas\u0131 yar\u0131\u015fmalarda elde ettikleri ba\u015far\u0131lar ile sosyal sorumluluk faaliyetleri hakk\u0131nda Kaymakam G\u00fcldo\u011fan\u2019a bilgi verdi. \u00d6\u011frencilerin azmi ve ba\u015far\u0131lar\u0131ndan duydu\u011fu memnuniyeti dile getiren Kaymakam G\u00fcldo\u011fan, gen\u00e7lerin&#8230;<\/p>\n","protected":false},"author":1,"featured_media":61278,"comment_status":"open","ping_status":"open","sticky":false,"template":"","format":"standard","meta":{"_crdt_document":"","footnotes":""},"categories":[1],"tags":[],"class_list":["post-61277","post","type-post","status-publish","format-standard","has-post-thumbnail","hentry","category-guncel"],"_links":{"self":[{"href":"https:\/\/www.egemtv.com\/index.php?rest_route=\/wp\/v2\/posts\/61277","targetHints":{"allow":["GET"]}}],"collection":[{"href":"https:\/\/www.egemtv.com\/index.php?rest_route=\/wp\/v2\/posts"}],"about":[{"href":"https:\/\/www.egemtv.com\/index.php?rest_route=\/wp\/v2\/types\/post"}],"author":[{"embeddable":true,"href":"https:\/\/www.egemtv.com\/index.php?rest_route=\/wp\/v2\/users\/1"}],"replies":[{"embeddable":true,"href":"https:\/\/www.egemtv.com\/index.php?rest_route=%2Fwp%2Fv2%2Fcomments&post=61277"}],"version-history":[{"count":1,"href":"https:\/\/www.egemtv.com\/index.php?rest_route=\/wp\/v2\/posts\/61277\/revisions"}],"predecessor-version":[{"id":61279,"href":"https:\/\/www.egemtv.com\/index.php?rest_route=\/wp\/v2\/posts\/61277\/revisions\/61279"}],"wp:featuredmedia":[{"embeddable":true,"href":"https:\/\/www.egemtv.com\/index.php?rest_route=\/wp\/v2\/media\/61278"}],"wp:attachment":[{"href":"https:\/\/www.egemtv.com\/index.php?rest_route=%2Fwp%2Fv2%2Fmedia&parent=61277"}],"wp:term":[{"taxonomy":"category","embeddable":true,"href":"https:\/\/www.egemtv.com\/index.php?rest_route=%2Fwp%2Fv2%2Fcategories&post=61277"},{"taxonomy":"post_tag","embeddable":true,"href":"https:\/\/www.egemtv.com\/index.php?rest_route=%2Fwp%2Fv2%2Ftags&post=61277"}],"curies":[{"name":"wp","href":"https:\/\/api.w.org\/{rel}","templated":true}]}}