{"id":61274,"date":"2025-10-14T12:35:25","date_gmt":"2025-10-14T09:35:25","guid":{"rendered":"https:\/\/www.egemtv.com\/?p=61274"},"modified":"2025-10-14T12:35:27","modified_gmt":"2025-10-14T09:35:27","slug":"ege-universitesinde-turk-dunyasinin-dil-birligi-konusuldu","status":"publish","type":"post","link":"https:\/\/www.egemtv.com\/?p=61274","title":{"rendered":"Ege \u00dcniversitesinde T\u00fcrk d\u00fcnyas\u0131n\u0131n dil birli\u011fi konu\u015fuldu"},"content":{"rendered":"<p>T\u00fcrkiye ve Kazakistan aras\u0131nda k\u00f6kl\u00fc tarih\u00ee, k\u00fclt\u00fcrel ve dilsel ba\u011flara dayanan akademik ili\u015fkiler, kar\u015f\u0131l\u0131kl\u0131 ziyaretler ve bilimsel etkinliklerle g\u00fc\u00e7lenmeye devam ediyor. Bu kapsamda, Ege \u00dcniversitesi ile L.N. Gumilev Avrasya Mill\u00ee \u00dcniversitesi (Kazakistan) aras\u0131ndaki ikili ili\u015fkiler \u00e7er\u00e7evesinde \u00f6nemli bir akademik bulu\u015fma daha ger\u00e7ekle\u015ftirildi.<br \/>\n<br \/>Filoloji Fak\u00fcltesi Kazak Dilbilimi B\u00f6l\u00fcm\u00fc \u00f6\u011fretim \u00fcyesi Prof. Dr. Bekzhan Abdual\u0131ul\u0131, Ege \u00dcniversitesi T\u00fcrk D\u00fcnyas\u0131 Ara\u015ft\u0131rmalar\u0131 Enstit\u00fcs\u00fc T\u00fcrk Dili ve Leh\u00e7eleri Anabilim Dal\u0131\u2019n\u0131 ziyaret etti. Ziyaret kapsam\u0131nda Prof. Dr. \u0130brahim \u015eahin moderat\u00f6rl\u00fc\u011f\u00fcnde ve terc\u00fcmesinde, &#8220;Tarih\u00ee Dilcilik ve T\u00fcrk Birli\u011finin Dil Modeli&#8221; ba\u015fl\u0131kl\u0131 bir konferans d\u00fczenlendi.<\/p>\n<p>&#8220;T\u00fcrk birli\u011fi dil birli\u011fi ile m\u00fcmk\u00fcnd\u00fcr&#8221;<br \/>\n<br \/>Konferansta Prof. Dr. Bekzhan Abdual\u0131ul\u0131, T\u00fcrk D\u00fcnyas\u0131n\u0131n ortak de\u011ferlerini birle\u015ftirmede dil birli\u011finin merkezi \u00f6nemine dikkat \u00e7ekti. T\u00fcrk Birli\u011fi\u2019nin ancak ortak bir dil modeli \u00fczerine in\u015fa edilebilece\u011fini vurgulayan Abdual\u0131ul\u0131, konu\u015fmas\u0131nda antroponimlerin (ki\u015fiadlar\u0131) ve toponimlerin (yeradlar\u0131) tarih\u00ee dil bilimi a\u00e7\u0131s\u0131ndan ta\u015f\u0131d\u0131\u011f\u0131 \u00f6nemi \u00f6rneklerle a\u00e7\u0131klad\u0131. Kazakistan\u2019daki dil \u00e7al\u0131\u015fmalar\u0131n\u0131n T\u00fcrk D\u00fcnyas\u0131 genelinde y\u00fcr\u00fct\u00fclen ortak dil ara\u015ft\u0131rmalar\u0131yla ili\u015fkilendirilmesinin, bilimsel i\u015f birli\u011fini g\u00fc\u00e7lendirece\u011fini belirten Prof. Dr. Abdual\u0131ul\u0131, T\u00fcrk dillerinin k\u00f6k birli\u011fine ve tarihsel s\u00fcreklili\u011fine dair \u00f6rneklerle dinleyicilere zengin bir perspektif sundu.<\/p>\n<p>&#8220;Gelece\u011fe y\u00f6nelik bilimsel ad\u0131mlar payla\u015f\u0131ld\u0131&#8221;<br \/>\n<br \/>Ziyaret s\u0131ras\u0131nda Ege \u00dcniversitesi T\u00fcrk D\u00fcnyas\u0131 Ara\u015ft\u0131rmalar\u0131 Enstit\u00fcs\u00fc \u00f6\u011fretim \u00fcyeleriyle yap\u0131lan g\u00f6r\u00fc\u015fmelerde, iki kurum aras\u0131nda ortak ara\u015ft\u0131rma projeleri ve ortak yay\u0131n \u00e7al\u0131\u015fmalar\u0131 ele al\u0131nd\u0131. Ayr\u0131ca, T\u00fcrk D\u00fcnyas\u0131 \u00fcniversiteleri aras\u0131nda dil, k\u00fclt\u00fcr ve tarih alanlar\u0131ndaki ortak \u00e7al\u0131\u015fmalar\u0131 geli\u015ftirmeye y\u00f6nelik yeni i\u015f birli\u011fi planlar\u0131 g\u00fcndeme getirildi. Ege \u00dcniversitesi T\u00fcrk D\u00fcnyas\u0131 Ara\u015ft\u0131rmalar\u0131 Enstit\u00fcs\u00fc yetkilileri, Prof. Dr. Bekzhan Abdual\u0131ul\u0131\u2019nin ziyareti vesilesiyle iki kurum aras\u0131ndaki akademik ili\u015fkilerin daha da g\u00fc\u00e7lenece\u011fini ifade ettiler.<\/p>\n<p>&#8220;Ortak k\u00fclt\u00fcrel miras bilimsel temelde korunuyor&#8221;<br \/>\n<br \/>Ege \u00dcniversitesi ile L.N. Gumilev Avrasya Mill\u00ee \u00dcniversitesi aras\u0131ndaki bu akademik temas, T\u00fcrk D\u00fcnyas\u0131n\u0131n ortak k\u00fclt\u00fcrel ve dilsel miras\u0131n\u0131 bilimsel d\u00fczlemde koruma ve geli\u015ftirme y\u00f6n\u00fcnde at\u0131lm\u0131\u015f \u00f6nemli bir ad\u0131m olarak de\u011ferlendirildi.<br \/><\/p>\n","protected":false},"excerpt":{"rendered":"<p>T\u00fcrkiye ve Kazakistan aras\u0131nda k\u00f6kl\u00fc tarih\u00ee, k\u00fclt\u00fcrel ve dilsel ba\u011flara dayanan akademik ili\u015fkiler, kar\u015f\u0131l\u0131kl\u0131 ziyaretler ve bilimsel etkinliklerle g\u00fc\u00e7lenmeye devam ediyor. Bu kapsamda, Ege \u00dcniversitesi ile L.N. Gumilev Avrasya Mill\u00ee \u00dcniversitesi (Kazakistan) aras\u0131ndaki ikili ili\u015fkiler \u00e7er\u00e7evesinde \u00f6nemli bir akademik bulu\u015fma daha ger\u00e7ekle\u015ftirildi. Filoloji Fak\u00fcltesi Kazak Dilbilimi B\u00f6l\u00fcm\u00fc \u00f6\u011fretim \u00fcyesi Prof. Dr. Bekzhan Abdual\u0131ul\u0131, Ege \u00dcniversitesi&#8230;<\/p>\n","protected":false},"author":1,"featured_media":61275,"comment_status":"open","ping_status":"open","sticky":false,"template":"","format":"standard","meta":{"_crdt_document":"","footnotes":""},"categories":[1],"tags":[],"class_list":["post-61274","post","type-post","status-publish","format-standard","has-post-thumbnail","hentry","category-guncel"],"_links":{"self":[{"href":"https:\/\/www.egemtv.com\/index.php?rest_route=\/wp\/v2\/posts\/61274","targetHints":{"allow":["GET"]}}],"collection":[{"href":"https:\/\/www.egemtv.com\/index.php?rest_route=\/wp\/v2\/posts"}],"about":[{"href":"https:\/\/www.egemtv.com\/index.php?rest_route=\/wp\/v2\/types\/post"}],"author":[{"embeddable":true,"href":"https:\/\/www.egemtv.com\/index.php?rest_route=\/wp\/v2\/users\/1"}],"replies":[{"embeddable":true,"href":"https:\/\/www.egemtv.com\/index.php?rest_route=%2Fwp%2Fv2%2Fcomments&post=61274"}],"version-history":[{"count":1,"href":"https:\/\/www.egemtv.com\/index.php?rest_route=\/wp\/v2\/posts\/61274\/revisions"}],"predecessor-version":[{"id":61276,"href":"https:\/\/www.egemtv.com\/index.php?rest_route=\/wp\/v2\/posts\/61274\/revisions\/61276"}],"wp:featuredmedia":[{"embeddable":true,"href":"https:\/\/www.egemtv.com\/index.php?rest_route=\/wp\/v2\/media\/61275"}],"wp:attachment":[{"href":"https:\/\/www.egemtv.com\/index.php?rest_route=%2Fwp%2Fv2%2Fmedia&parent=61274"}],"wp:term":[{"taxonomy":"category","embeddable":true,"href":"https:\/\/www.egemtv.com\/index.php?rest_route=%2Fwp%2Fv2%2Fcategories&post=61274"},{"taxonomy":"post_tag","embeddable":true,"href":"https:\/\/www.egemtv.com\/index.php?rest_route=%2Fwp%2Fv2%2Ftags&post=61274"}],"curies":[{"name":"wp","href":"https:\/\/api.w.org\/{rel}","templated":true}]}}