{"id":61268,"date":"2025-10-14T12:15:32","date_gmt":"2025-10-14T09:15:32","guid":{"rendered":"https:\/\/www.egemtv.com\/?p=61268"},"modified":"2025-10-14T12:15:44","modified_gmt":"2025-10-14T09:15:44","slug":"ogrencilere-bilek-guresinin-incelikleri-anlatildi","status":"publish","type":"post","link":"https:\/\/www.egemtv.com\/?p=61268","title":{"rendered":"\u00d6\u011frencilere bilek g\u00fcre\u015finin incelikleri anlat\u0131ld\u0131"},"content":{"rendered":"<p>K\u00fctahya\u2019n\u0131n Tav\u015fanl\u0131 il\u00e7esinde gen\u00e7leri spora te\u015fvik etmeyi s\u00fcrd\u00fcren Tav\u015fanl\u0131 Belediye Spor Kul\u00fcb\u00fc, bilek g\u00fcre\u015fi bran\u015f\u0131n\u0131n inceliklerini liseli gen\u00e7lere anlatt\u0131.<br \/>\n<br \/>Tav\u015fanl\u0131 Belediye Spor Kul\u00fcb\u00fc, altyap\u0131ya verdi\u011fi \u00f6nemi ve sosyal sorumluluk projelerini bir kez daha g\u00f6sterdi. Kul\u00fcb\u00fcn ba\u015far\u0131l\u0131 Bilek G\u00fcre\u015fi Antren\u00f6r\u00fc ve \u015fampiyon sporcusu Fatih Sam, Tav\u015fanl\u0131 Arslanbey Mesleki ve Teknik Anadolu Lisesi\u2019nde d\u00fczenlenen \u00f6zel bir etkinlikle \u00f6\u011frencilerle bir araya geldi.<br \/>\n<br \/>Okulun spor salonunda ger\u00e7ekle\u015fen bulu\u015fmada Antren\u00f6r Fatih Sam, \u00f6\u011frencilere bilek g\u00fcre\u015fi sporunun inceliklerini, kurallar\u0131n\u0131 ve faydalar\u0131n\u0131 anlatt\u0131. Sporun disiplin, azim ve sa\u011fl\u0131kl\u0131 ya\u015fam \u00fczerindeki olumlu etkilerine dikkat \u00e7eken Sam, kendi tecr\u00fcbelerini de gen\u00e7lerle payla\u015ft\u0131. Teorik bilgilerin ard\u0131ndan yap\u0131lan uygulamal\u0131 g\u00f6sterimler, \u00f6\u011frenciler taraf\u0131ndan b\u00fcy\u00fck bir ilgi ve heyecanla kar\u015f\u0131land\u0131.<br \/><\/p>\n","protected":false},"excerpt":{"rendered":"<p>K\u00fctahya\u2019n\u0131n Tav\u015fanl\u0131 il\u00e7esinde gen\u00e7leri spora te\u015fvik etmeyi s\u00fcrd\u00fcren Tav\u015fanl\u0131 Belediye Spor Kul\u00fcb\u00fc, bilek g\u00fcre\u015fi bran\u015f\u0131n\u0131n inceliklerini liseli gen\u00e7lere anlatt\u0131. Tav\u015fanl\u0131 Belediye Spor Kul\u00fcb\u00fc, altyap\u0131ya verdi\u011fi \u00f6nemi ve sosyal sorumluluk projelerini bir kez daha g\u00f6sterdi. Kul\u00fcb\u00fcn ba\u015far\u0131l\u0131 Bilek G\u00fcre\u015fi Antren\u00f6r\u00fc ve \u015fampiyon sporcusu Fatih Sam, Tav\u015fanl\u0131 Arslanbey Mesleki ve Teknik Anadolu Lisesi\u2019nde d\u00fczenlenen \u00f6zel bir etkinlikle&#8230;<\/p>\n","protected":false},"author":1,"featured_media":61269,"comment_status":"open","ping_status":"open","sticky":false,"template":"","format":"standard","meta":{"_crdt_document":"","footnotes":""},"categories":[4],"tags":[],"class_list":["post-61268","post","type-post","status-publish","format-standard","has-post-thumbnail","hentry","category-spor"],"_links":{"self":[{"href":"https:\/\/www.egemtv.com\/index.php?rest_route=\/wp\/v2\/posts\/61268","targetHints":{"allow":["GET"]}}],"collection":[{"href":"https:\/\/www.egemtv.com\/index.php?rest_route=\/wp\/v2\/posts"}],"about":[{"href":"https:\/\/www.egemtv.com\/index.php?rest_route=\/wp\/v2\/types\/post"}],"author":[{"embeddable":true,"href":"https:\/\/www.egemtv.com\/index.php?rest_route=\/wp\/v2\/users\/1"}],"replies":[{"embeddable":true,"href":"https:\/\/www.egemtv.com\/index.php?rest_route=%2Fwp%2Fv2%2Fcomments&post=61268"}],"version-history":[{"count":1,"href":"https:\/\/www.egemtv.com\/index.php?rest_route=\/wp\/v2\/posts\/61268\/revisions"}],"predecessor-version":[{"id":61270,"href":"https:\/\/www.egemtv.com\/index.php?rest_route=\/wp\/v2\/posts\/61268\/revisions\/61270"}],"wp:featuredmedia":[{"embeddable":true,"href":"https:\/\/www.egemtv.com\/index.php?rest_route=\/wp\/v2\/media\/61269"}],"wp:attachment":[{"href":"https:\/\/www.egemtv.com\/index.php?rest_route=%2Fwp%2Fv2%2Fmedia&parent=61268"}],"wp:term":[{"taxonomy":"category","embeddable":true,"href":"https:\/\/www.egemtv.com\/index.php?rest_route=%2Fwp%2Fv2%2Fcategories&post=61268"},{"taxonomy":"post_tag","embeddable":true,"href":"https:\/\/www.egemtv.com\/index.php?rest_route=%2Fwp%2Fv2%2Ftags&post=61268"}],"curies":[{"name":"wp","href":"https:\/\/api.w.org\/{rel}","templated":true}]}}