{"id":61265,"date":"2025-10-14T12:15:20","date_gmt":"2025-10-14T09:15:20","guid":{"rendered":"https:\/\/www.egemtv.com\/?p=61265"},"modified":"2025-10-14T12:15:25","modified_gmt":"2025-10-14T09:15:25","slug":"aile-sirketlerinde-surdurulebilirlik-icin-guc-birligi","status":"publish","type":"post","link":"https:\/\/www.egemtv.com\/?p=61265","title":{"rendered":"Aile \u015firketlerinde s\u00fcrd\u00fcr\u00fclebilirlik i\u00e7in g\u00fc\u00e7 birli\u011fi"},"content":{"rendered":"<p>Ege Gen\u00e7 \u0130\u015f \u0130nsanlar\u0131 Derne\u011fi (EG\u0130AD) ile TA\u0130DER Aile \u0130\u015fletmeleri Derne\u011fi, aile i\u015fletmelerinin s\u00fcrd\u00fcr\u00fclebilirli\u011fine ve ku\u015faklar aras\u0131 ba\u015far\u0131 aktar\u0131m\u0131na katk\u0131 sa\u011flamak amac\u0131yla \u00f6nemli bir i\u015f birli\u011fine imza att\u0131. &#8220;Aile \u0130\u015fletmelerinde Kurumsalla\u015fma ve Nesiller Aras\u0131 Devir&#8221; ba\u015fl\u0131kl\u0131 \u00f6zel panel, EG\u0130AD Dernek Merkezi\u2019nde, TA\u0130DER ve EG\u0130AD \u00fcyelerinin yo\u011fun kat\u0131l\u0131m\u0131yla ger\u00e7ekle\u015ftirildi.<br \/>\n<br \/>Etkinli\u011fin moderat\u00f6rl\u00fc\u011f\u00fcn\u00fc, G\u00fcres Grup Y\u00f6netim Kurulu \u00dcyesi, EG\u0130AD Y\u00f6netim Kurulu \u00dcyesi ve TA\u0130DER Y\u00f6netim Kurulu \u00dcyesi Mustafa G\u00fcres \u00fcstlenirken; Kanat Boya Kurumsal \u0130leti\u015fim Y\u00f6neticisi, EG\u0130AD Sanayi ve S\u00fcrd\u00fcr\u00fclebilirlik Komisyonu Ba\u015fkan Vekili, TA\u0130DER \u00dcyesi  Beril Kanat ve Tellio\u011flu Yem G\u0131da Y\u00f6netim Kurulu \u00dcyesi, EG\u0130AD Uluslararas\u0131 \u0130li\u015fkiler ve D\u0131\u015f Ticaret Komisyonu \u00dcyesi, TA\u0130DER \u00dcyesi Mert Tellio\u011flu panelist olarak deneyimlerini payla\u015ft\u0131.<\/p>\n<p>Aile \u015firketlerinin k\u00fcresel ekonomideki a\u011f\u0131rl\u0131\u011f\u0131<br \/>\n<br \/>Etkinlik, EG\u0130AD Y\u00f6netim Kurulu Ba\u015fkan\u0131 Kaan \u00d6zhelvac\u0131 ve TA\u0130DER Y\u00f6netim Kurulu Ba\u015fkan\u0131 G\u00fclfem Yorganc\u0131lar Per\u00e7in\u2019in a\u00e7\u0131l\u0131\u015f konu\u015fmalar\u0131yla ba\u015flad\u0131. Aile \u015firketlerinin d\u00fcnya ekonomisinin omurgas\u0131n\u0131 olu\u015fturdu\u011funa dikkat \u00e7eken EG\u0130AD Y\u00f6netim Kurulu Ba\u015fkan\u0131 Kaan \u00d6zhelvac\u0131, &#8220;PwC\u2019nin ara\u015ft\u0131rmas\u0131na g\u00f6re, k\u00fcresel ekonominin yakla\u015f\u0131k y\u00fczde 70\u2019i aile i\u015fletmelerinden olu\u015fuyor. Ernst &amp; Young\u2019un verileri ise d\u00fcnyan\u0131n en b\u00fcy\u00fck 500 aile \u015firketinin y\u0131ll\u0131k toplam cirosunun 8,8 trilyon dolar seviyesine ula\u015ft\u0131\u011f\u0131n\u0131 ve 25 milyon ki\u015fiye istihdam sa\u011flad\u0131\u011f\u0131n\u0131 ortaya koyuyor. Bu \u00f6l\u00e7ek, aile \u015firketlerini adeta d\u00fcnyan\u0131n \u00fc\u00e7\u00fcnc\u00fc b\u00fcy\u00fck ekonomisi konumuna ta\u015f\u0131yor.&#8221; dedi.<br \/>\n<br \/>Bu g\u00fc\u00e7l\u00fc ekonomik varl\u0131\u011f\u0131n s\u00fcrd\u00fcr\u00fclebilirli\u011finin planl\u0131 bir y\u00f6netim anlay\u0131\u015f\u0131yla m\u00fcmk\u00fcn olabilece\u011fini vurgulayan \u00d6zhelvac\u0131, s\u00f6zlerini \u015fu \u015fekilde s\u00fcrd\u00fcrd\u00fc: &#8220;Yap\u0131lan ara\u015ft\u0131rmalar, aile \u015firketlerinin yaln\u0131zca y\u00fczde 30\u2019unun ikinci nesle, y\u00fczde 12\u2019sinin \u00fc\u00e7\u00fcnc\u00fc nesle ula\u015fabildi\u011fini g\u00f6steriyor. D\u00f6rd\u00fcnc\u00fc nesle ge\u00e7ebilenlerin oran\u0131 ise y\u00fczde 3 civar\u0131nda. Bu tablo, kurumsalla\u015fma ve nesiller aras\u0131 planlaman\u0131n aile i\u015fletmeleri i\u00e7in ne kadar kritik oldu\u011funu a\u00e7\u0131k\u00e7a ortaya koyuyor.&#8221;<\/p>\n<p>Kurumsalla\u015fma, aile \u015firketlerinin ya\u015fam sigortas\u0131d\u0131r<br \/>\n<br \/>EG\u0130AD Y\u00f6netim Kurulu Ba\u015fkan\u0131 Kaan \u00d6zhelvac\u0131, EG\u0130AD\u2019\u0131n gen\u00e7 ku\u015fak i\u015f insanlar\u0131n\u0131 sadece bug\u00fcn\u00fcn de\u011fil, gelece\u011fin rekabet ortam\u0131na haz\u0131rlamay\u0131 ama\u00e7lad\u0131\u011f\u0131n\u0131 belirterek, kurumsalla\u015fman\u0131n bu s\u00fcre\u00e7te temel bir unsur oldu\u011funu dile getirerek, &#8220;EG\u0130AD olarak hedefimiz, \u00fcyelerimizi sadece bug\u00fcn\u00fcn ihtiya\u00e7lar\u0131na yan\u0131t veren giri\u015fimciler de\u011fil; ayn\u0131 zamanda gelece\u011fe y\u00f6n verecek vizyoner liderler olarak yeti\u015ftirmektir. Bu nedenle, aile i\u015fletmelerinde kurumsalla\u015fma ve nesil planlamas\u0131 konular\u0131n\u0131 stratejik \u00f6nceliklerimiz aras\u0131nda g\u00f6r\u00fcyoruz. \u00dcyelerimizin \u015firketlerini s\u00fcrd\u00fcr\u00fclebilir bir yap\u0131ya kavu\u015fturabilmeleri, kurumsal y\u00f6netim ilkelerine h\u00e2kim olmalar\u0131yla m\u00fcmk\u00fcn. Bu panel, i\u015f d\u00fcnyas\u0131n\u0131n gelece\u011fini \u015fekillendirecek gen\u00e7 ku\u015faklar\u0131n bilgi, deneyim ve vizyon kazanmas\u0131 a\u00e7\u0131s\u0131ndan son derece k\u0131ymetli.&#8221; diye konu\u015ftu.<\/p>\n<p>TA\u0130DER ve EG\u0130AD aras\u0131nda stratejik i\u015f birli\u011fi protokol\u00fc<br \/>\n<br \/>Panelin sonunda EG\u0130AD ve TA\u0130DER aras\u0131nda &#8220;Aile \u0130\u015fletmelerinde S\u00fcrd\u00fcr\u00fclebilirlik \u0130\u015f Birli\u011fi Protokol\u00fc&#8221; de imzaland\u0131. Protokol kapsam\u0131nda; iki derne\u011fin \u00fcyeleri kar\u015f\u0131l\u0131kl\u0131 olarak ortak e\u011fitim, ara\u015ft\u0131rma ve mentorluk programlar\u0131ndan yararlanabilecek. Ayr\u0131ca, aile i\u015fletmelerinin kurumsalla\u015fmas\u0131 ve melek yat\u0131r\u0131mc\u0131l\u0131k alan\u0131nda ortak projeler geli\u015ftirilmesi de hedefleniyor.<br \/>\n<br \/>\u0130\u015f birli\u011finin, yaln\u0131zca iki derne\u011fin \u00fcyelerine de\u011fil; b\u00f6lgesel ve ulusal \u00f6l\u00e7ekte ekonomik s\u00fcrd\u00fcr\u00fclebilirli\u011fe de katk\u0131 sa\u011flayaca\u011f\u0131n\u0131 belirten \u00d6zhelvac\u0131, \u015fu ifadeleri kulland\u0131: &#8220;EG\u0130AD ve TA\u0130DER\u2019in bilgi birikimi ve vizyonlar\u0131n\u0131n birle\u015fmesiyle, aile i\u015fletmelerine y\u00f6nelik daha g\u00fc\u00e7l\u00fc, s\u00fcrd\u00fcr\u00fclebilir ve yenilik\u00e7i bir ekosistem in\u015fa etmeyi hedefliyoruz.&#8221;<\/p>\n<p>\u0130ki kurum, ortak bir gelece\u011fe y\u00fcr\u00fcyor<br \/>\n<br \/>TA\u0130DER Y\u00f6netim Kurulu Ba\u015fkan\u0131 G\u00fclfem Yorganc\u0131lar Per\u00e7in, konu\u015fmas\u0131nda, aile i\u015fletmelerinin s\u00fcrd\u00fcr\u00fclebilirli\u011fini destekleyen bu i\u015f birli\u011finin \u00fclke ekonomisi a\u00e7\u0131s\u0131ndan \u00f6nemli bir ad\u0131m oldu\u011funu vurgulad\u0131. EG\u0130AD ve TA\u0130DER\u2019in birlikte y\u00fcr\u00fctt\u00fc\u011f\u00fc bu s\u00fcre\u00e7, gen\u00e7 ku\u015faklar\u0131n aile i\u015fletmelerinde aktif roller \u00fcstlenmesini, profesyonelle\u015fmeyi ve yenilik\u00e7i y\u00f6netim anlay\u0131\u015flar\u0131n\u0131n geli\u015fmesini te\u015fvik edecek.<br \/>\n<br \/>Etkinlik, moderat\u00f6r Mustafa G\u00fcres ile panelistler Beril Kanat ve Mert Tellio\u011flu\u2019nun aile \u015firketlerinde kurumsalla\u015fma deneyimlerini payla\u015ft\u0131klar\u0131 interaktif oturumla devam etti. Kat\u0131l\u0131mc\u0131lar, nesiller aras\u0131 devirde ya\u015fanan zorluklar, aile anayasalar\u0131n\u0131n \u00f6nemi, kurumsal y\u00f6neti\u015fim modelleri ve s\u00fcrd\u00fcr\u00fclebilir b\u00fcy\u00fcme stratejileri \u00fczerine fikir al\u0131\u015fveri\u015finde bulundu.<br \/><\/p>\n","protected":false},"excerpt":{"rendered":"<p>Ege Gen\u00e7 \u0130\u015f \u0130nsanlar\u0131 Derne\u011fi (EG\u0130AD) ile TA\u0130DER Aile \u0130\u015fletmeleri Derne\u011fi, aile i\u015fletmelerinin s\u00fcrd\u00fcr\u00fclebilirli\u011fine ve ku\u015faklar aras\u0131 ba\u015far\u0131 aktar\u0131m\u0131na katk\u0131 sa\u011flamak amac\u0131yla \u00f6nemli bir i\u015f birli\u011fine imza att\u0131. &#8220;Aile \u0130\u015fletmelerinde Kurumsalla\u015fma ve Nesiller Aras\u0131 Devir&#8221; ba\u015fl\u0131kl\u0131 \u00f6zel panel, EG\u0130AD Dernek Merkezi\u2019nde, TA\u0130DER ve EG\u0130AD \u00fcyelerinin yo\u011fun kat\u0131l\u0131m\u0131yla ger\u00e7ekle\u015ftirildi. Etkinli\u011fin moderat\u00f6rl\u00fc\u011f\u00fcn\u00fc, G\u00fcres Grup Y\u00f6netim Kurulu \u00dcyesi,&#8230;<\/p>\n","protected":false},"author":1,"featured_media":61266,"comment_status":"open","ping_status":"open","sticky":false,"template":"","format":"standard","meta":{"_crdt_document":"","footnotes":""},"categories":[125],"tags":[],"class_list":["post-61265","post","type-post","status-publish","format-standard","has-post-thumbnail","hentry","category-ekonomi"],"_links":{"self":[{"href":"https:\/\/www.egemtv.com\/index.php?rest_route=\/wp\/v2\/posts\/61265","targetHints":{"allow":["GET"]}}],"collection":[{"href":"https:\/\/www.egemtv.com\/index.php?rest_route=\/wp\/v2\/posts"}],"about":[{"href":"https:\/\/www.egemtv.com\/index.php?rest_route=\/wp\/v2\/types\/post"}],"author":[{"embeddable":true,"href":"https:\/\/www.egemtv.com\/index.php?rest_route=\/wp\/v2\/users\/1"}],"replies":[{"embeddable":true,"href":"https:\/\/www.egemtv.com\/index.php?rest_route=%2Fwp%2Fv2%2Fcomments&post=61265"}],"version-history":[{"count":1,"href":"https:\/\/www.egemtv.com\/index.php?rest_route=\/wp\/v2\/posts\/61265\/revisions"}],"predecessor-version":[{"id":61267,"href":"https:\/\/www.egemtv.com\/index.php?rest_route=\/wp\/v2\/posts\/61265\/revisions\/61267"}],"wp:featuredmedia":[{"embeddable":true,"href":"https:\/\/www.egemtv.com\/index.php?rest_route=\/wp\/v2\/media\/61266"}],"wp:attachment":[{"href":"https:\/\/www.egemtv.com\/index.php?rest_route=%2Fwp%2Fv2%2Fmedia&parent=61265"}],"wp:term":[{"taxonomy":"category","embeddable":true,"href":"https:\/\/www.egemtv.com\/index.php?rest_route=%2Fwp%2Fv2%2Fcategories&post=61265"},{"taxonomy":"post_tag","embeddable":true,"href":"https:\/\/www.egemtv.com\/index.php?rest_route=%2Fwp%2Fv2%2Ftags&post=61265"}],"curies":[{"name":"wp","href":"https:\/\/api.w.org\/{rel}","templated":true}]}}