{"id":61262,"date":"2025-10-14T12:15:09","date_gmt":"2025-10-14T09:15:09","guid":{"rendered":"https:\/\/www.egemtv.com\/?p=61262"},"modified":"2025-10-14T12:15:14","modified_gmt":"2025-10-14T09:15:14","slug":"baskan-akel-gediz-ilcemiz-buyuyor","status":"publish","type":"post","link":"https:\/\/www.egemtv.com\/?p=61262","title":{"rendered":"Ba\u015fkan Akel: &#8220;Gediz il\u00e7emiz b\u00fcy\u00fcyor&#8221;"},"content":{"rendered":"<p>K\u00fctahya\u2019n\u0131n Gediz il\u00e7esi s\u0131n\u0131rlar\u0131 geni\u015fledi. Gediz\u2019e yak\u0131n konumda bulunan D\u00f6rtde\u011firmen ve Erdo\u011fmu\u015f k\u00f6yleri, referandum s\u00fcre\u00e7lerinin tamamlanmas\u0131n\u0131n ard\u0131ndan il\u00e7eye mahalle olarak ba\u011fland\u0131.<br \/>\n<br \/>\u0130l\u00e7eye yakla\u015f\u0131k 3,5 kilometre uzakl\u0131ktaki D\u00f6rtde\u011firmen K\u00f6y\u00fc ile 6 kilometre uzakl\u0131kta bulunan Erdo\u011fmu\u015f K\u00f6y\u00fc\u2019nde ge\u00e7ti\u011fimiz aylarda yap\u0131lan referandumlarda, k\u00f6yl\u00fclerin b\u00fcy\u00fck \u00e7o\u011funlu\u011fu il\u00e7e merkezine mahalle olarak ba\u011flanmaya &#8220;evet&#8221; oyu kullanm\u0131\u015ft\u0131. Bu kararla birlikte, her iki yerle\u015fim yeri de art\u0131k Gediz Belediyesi\u2019nin mahalle stat\u00fcs\u00fcnde t\u00fcm altyap\u0131 ve di\u011fer belediyecilik hizmetlerinden do\u011frudan faydalanmaya ba\u015flayacak. Gediz\u2019in mahalle say\u0131s\u0131 15\u2019e \u00e7\u0131km\u0131\u015f oldu.<br \/>\n<br \/>D\u00f6rtde\u011firmen ve Erdo\u011fmu\u015f k\u00f6ylerinin Gediz\u2019e mahalle olarak ba\u011flanmas\u0131 s\u00fcrecinin tamamlanmas\u0131ndan duydu\u011fu memnuniyeti dile getiren Gediz Belediye Ba\u015fkan\u0131 Necdet Akel, bu ad\u0131m\u0131n b\u00f6lgenin geli\u015fimine katk\u0131 sa\u011flayaca\u011f\u0131n\u0131 belirtti. Ba\u015fkan Akel a\u00e7\u0131klamas\u0131nda \u015funlar\u0131 kaydetti:<br \/>\n<br \/>&#8220;D\u00f6rtde\u011firmen ve Erdo\u011fmu\u015f k\u00f6ylerimizin, Gediz\u2019imize mahalle olarak ba\u011flanmas\u0131 s\u00fcreci hay\u0131rl\u0131s\u0131yla tamamland\u0131. Bu \u00f6nemli ad\u0131m\u0131n, hem mahalle stat\u00fcs\u00fcne ge\u00e7en b\u00f6lgelerimize hem de t\u00fcm il\u00e7emize hay\u0131rl\u0131 olmas\u0131n\u0131 diliyorum. Art\u0131k yeni mahallelerimiz, Gediz Belediyesi\u2019nin daha h\u0131zl\u0131, kapsaml\u0131 ve kaliteli hizmetlerinden yararlanacakt\u0131r. Birlik, beraberlik ve hizmet anlay\u0131\u015f\u0131yla Gediz\u2019imiz her ge\u00e7en g\u00fcn b\u00fcy\u00fcmeye, geli\u015fmeye devam ediyor. Yeni mahallelerimizin Gediz\u2019imize de\u011fer kataca\u011f\u0131na inan\u0131yorum.&#8221;<br \/><\/p>\n","protected":false},"excerpt":{"rendered":"<p>K\u00fctahya\u2019n\u0131n Gediz il\u00e7esi s\u0131n\u0131rlar\u0131 geni\u015fledi. Gediz\u2019e yak\u0131n konumda bulunan D\u00f6rtde\u011firmen ve Erdo\u011fmu\u015f k\u00f6yleri, referandum s\u00fcre\u00e7lerinin tamamlanmas\u0131n\u0131n ard\u0131ndan il\u00e7eye mahalle olarak ba\u011fland\u0131. \u0130l\u00e7eye yakla\u015f\u0131k 3,5 kilometre uzakl\u0131ktaki D\u00f6rtde\u011firmen K\u00f6y\u00fc ile 6 kilometre uzakl\u0131kta bulunan Erdo\u011fmu\u015f K\u00f6y\u00fc\u2019nde ge\u00e7ti\u011fimiz aylarda yap\u0131lan referandumlarda, k\u00f6yl\u00fclerin b\u00fcy\u00fck \u00e7o\u011funlu\u011fu il\u00e7e merkezine mahalle olarak ba\u011flanmaya &#8220;evet&#8221; oyu kullanm\u0131\u015ft\u0131. Bu kararla birlikte, her iki&#8230;<\/p>\n","protected":false},"author":1,"featured_media":61263,"comment_status":"open","ping_status":"open","sticky":false,"template":"","format":"standard","meta":{"_crdt_document":"","footnotes":""},"categories":[123],"tags":[],"class_list":["post-61262","post","type-post","status-publish","format-standard","has-post-thumbnail","hentry","category-gundem"],"_links":{"self":[{"href":"https:\/\/www.egemtv.com\/index.php?rest_route=\/wp\/v2\/posts\/61262","targetHints":{"allow":["GET"]}}],"collection":[{"href":"https:\/\/www.egemtv.com\/index.php?rest_route=\/wp\/v2\/posts"}],"about":[{"href":"https:\/\/www.egemtv.com\/index.php?rest_route=\/wp\/v2\/types\/post"}],"author":[{"embeddable":true,"href":"https:\/\/www.egemtv.com\/index.php?rest_route=\/wp\/v2\/users\/1"}],"replies":[{"embeddable":true,"href":"https:\/\/www.egemtv.com\/index.php?rest_route=%2Fwp%2Fv2%2Fcomments&post=61262"}],"version-history":[{"count":1,"href":"https:\/\/www.egemtv.com\/index.php?rest_route=\/wp\/v2\/posts\/61262\/revisions"}],"predecessor-version":[{"id":61264,"href":"https:\/\/www.egemtv.com\/index.php?rest_route=\/wp\/v2\/posts\/61262\/revisions\/61264"}],"wp:featuredmedia":[{"embeddable":true,"href":"https:\/\/www.egemtv.com\/index.php?rest_route=\/wp\/v2\/media\/61263"}],"wp:attachment":[{"href":"https:\/\/www.egemtv.com\/index.php?rest_route=%2Fwp%2Fv2%2Fmedia&parent=61262"}],"wp:term":[{"taxonomy":"category","embeddable":true,"href":"https:\/\/www.egemtv.com\/index.php?rest_route=%2Fwp%2Fv2%2Fcategories&post=61262"},{"taxonomy":"post_tag","embeddable":true,"href":"https:\/\/www.egemtv.com\/index.php?rest_route=%2Fwp%2Fv2%2Ftags&post=61262"}],"curies":[{"name":"wp","href":"https:\/\/api.w.org\/{rel}","templated":true}]}}