{"id":61253,"date":"2025-10-14T12:14:54","date_gmt":"2025-10-14T09:14:54","guid":{"rendered":"https:\/\/www.egemtv.com\/?p=61253"},"modified":"2025-10-14T12:14:56","modified_gmt":"2025-10-14T09:14:56","slug":"kopenez-koyundeki-evleri-yanan-ailelere-yardim-eli","status":"publish","type":"post","link":"https:\/\/www.egemtv.com\/?p=61253","title":{"rendered":"K\u00f6penez k\u00f6y\u00fcndeki evleri yanan ailelere yard\u0131m eli"},"content":{"rendered":"<p>Gediz il\u00e7esine ba\u011fl\u0131 K\u00f6penez K\u00f6y\u00fc\u2019nde \u00e7\u0131kan yang\u0131nda evleri kullan\u0131lamaz hale gelen iki aileye, T\u00fcrkiye Diyanet Vakf\u0131 (TDV) ve Kredi Yurtlar Kurumu (KYK) \u00f6\u011frencileri taraf\u0131ndan yard\u0131m eli uzat\u0131ld\u0131.<br \/>\n<br \/>\u00d6\u011frenci yurdunda manevi dan\u0131\u015fman olarak g\u00f6rev yapan Abdullah Bilgin\u2019in \u00f6nc\u00fcl\u00fc\u011f\u00fcnde, \u00f6\u011frenciler vatanda\u015flardan temin ettikleri g\u0131da ve z\u00fcccaciye malzemelerini yang\u0131nda ma\u011fdur olan ailelere ula\u015ft\u0131rd\u0131. Yang\u0131nda evlerini ve e\u015fyalar\u0131n\u0131 kaybeden iki aileye yap\u0131lan bu destek, dayan\u0131\u015fman\u0131n g\u00fczel bir \u00f6rne\u011fini sergiledi.<br \/>\n<br \/>\u00d6\u011frencilerle birlikte y\u00fcr\u00fct\u00fclen yard\u0131m seferberli\u011fi hakk\u0131nda a\u00e7\u0131klama yapan Bilgin, ya\u015fanan afetin ard\u0131ndan h\u0131zl\u0131ca harekete ge\u00e7tiklerini belirtti. Bilgin, yard\u0131mda eme\u011fi ge\u00e7en herkese te\u015fekk\u00fcr etti:<br \/><\/p>\n","protected":false},"excerpt":{"rendered":"<p>Gediz il\u00e7esine ba\u011fl\u0131 K\u00f6penez K\u00f6y\u00fc\u2019nde \u00e7\u0131kan yang\u0131nda evleri kullan\u0131lamaz hale gelen iki aileye, T\u00fcrkiye Diyanet Vakf\u0131 (TDV) ve Kredi Yurtlar Kurumu (KYK) \u00f6\u011frencileri taraf\u0131ndan yard\u0131m eli uzat\u0131ld\u0131. \u00d6\u011frenci yurdunda manevi dan\u0131\u015fman olarak g\u00f6rev yapan Abdullah Bilgin\u2019in \u00f6nc\u00fcl\u00fc\u011f\u00fcnde, \u00f6\u011frenciler vatanda\u015flardan temin ettikleri g\u0131da ve z\u00fcccaciye malzemelerini yang\u0131nda ma\u011fdur olan ailelere ula\u015ft\u0131rd\u0131. Yang\u0131nda evlerini ve e\u015fyalar\u0131n\u0131 kaybeden&#8230;<\/p>\n","protected":false},"author":1,"featured_media":61254,"comment_status":"open","ping_status":"open","sticky":false,"template":"","format":"standard","meta":{"_crdt_document":"","footnotes":""},"categories":[123],"tags":[],"class_list":["post-61253","post","type-post","status-publish","format-standard","has-post-thumbnail","hentry","category-gundem"],"_links":{"self":[{"href":"https:\/\/www.egemtv.com\/index.php?rest_route=\/wp\/v2\/posts\/61253","targetHints":{"allow":["GET"]}}],"collection":[{"href":"https:\/\/www.egemtv.com\/index.php?rest_route=\/wp\/v2\/posts"}],"about":[{"href":"https:\/\/www.egemtv.com\/index.php?rest_route=\/wp\/v2\/types\/post"}],"author":[{"embeddable":true,"href":"https:\/\/www.egemtv.com\/index.php?rest_route=\/wp\/v2\/users\/1"}],"replies":[{"embeddable":true,"href":"https:\/\/www.egemtv.com\/index.php?rest_route=%2Fwp%2Fv2%2Fcomments&post=61253"}],"version-history":[{"count":1,"href":"https:\/\/www.egemtv.com\/index.php?rest_route=\/wp\/v2\/posts\/61253\/revisions"}],"predecessor-version":[{"id":61255,"href":"https:\/\/www.egemtv.com\/index.php?rest_route=\/wp\/v2\/posts\/61253\/revisions\/61255"}],"wp:featuredmedia":[{"embeddable":true,"href":"https:\/\/www.egemtv.com\/index.php?rest_route=\/wp\/v2\/media\/61254"}],"wp:attachment":[{"href":"https:\/\/www.egemtv.com\/index.php?rest_route=%2Fwp%2Fv2%2Fmedia&parent=61253"}],"wp:term":[{"taxonomy":"category","embeddable":true,"href":"https:\/\/www.egemtv.com\/index.php?rest_route=%2Fwp%2Fv2%2Fcategories&post=61253"},{"taxonomy":"post_tag","embeddable":true,"href":"https:\/\/www.egemtv.com\/index.php?rest_route=%2Fwp%2Fv2%2Ftags&post=61253"}],"curies":[{"name":"wp","href":"https:\/\/api.w.org\/{rel}","templated":true}]}}